{"id":54398,"date":"2026-08-24T12:00:13","date_gmt":"2026-08-24T17:00:13","guid":{"rendered":"https:\/\/www.unemi.edu.ec\/?p=54398"},"modified":"2026-09-02T12:28:18","modified_gmt":"2026-09-02T17:28:18","slug":"unemi-daule-fortalece-su-presencia-territorial-con-el-inicio-del-periodo-academico-2s-2026","status":"publish","type":"post","link":"https:\/\/www.unemi.edu.ec\/index.php\/2026\/08\/24\/unemi-daule-fortalece-su-presencia-territorial-con-el-inicio-del-periodo-academico-2s-2026\/","title":{"rendered":"UNEMI Daule fortalece su presencia territorial con el inicio del periodo acad\u00e9mico 2S &#8211; 2026"},"content":{"rendered":"<p class=\"isSelectedEnd\"><strong><span>La Extensi\u00f3n Universitaria inicia una nueva etapa acad\u00e9mica con cuatro carreras orientadas a ampliar las oportunidades de acceso a la educaci\u00f3n superior y responder a las necesidades de formaci\u00f3n de Daule y su zona de influencia.<\/span><\/strong><\/p>\n<p class=\"isSelectedEnd\"><span>La <\/span><strong><span>Extensi\u00f3n UNEMI Daule<\/span><\/strong><span> inicia el periodo acad\u00e9mico <\/span><strong><span>2S &#8211; 2026<\/span><\/strong><span> con una comunidad universitaria que contin\u00faa creciendo y una oferta de cuatro carreras que acerca la educaci\u00f3n superior p\u00fablica a estudiantes de Daule y sectores aleda\u00f1os.<\/span><\/p>\n<p class=\"isSelectedEnd\"><span>Este nuevo ciclo representa para la <\/span><strong><span>Universidad Estatal de Milagro (UNEMI)<\/span><\/strong><span> la continuidad de un proyecto que busca ampliar las oportunidades de acceso a estudios universitarios y contribuir, desde la academia, al desarrollo social y productivo del territorio.<\/span><\/p>\n<p class=\"isSelectedEnd\"><span>La <\/span><strong><span>Mgtr. Ver\u00f3nica Guevara, jefa de Extensi\u00f3n Universitaria<\/span><\/strong><span>, acompa\u00f1a este proceso orientado a consolidar una comunidad acad\u00e9mica cercana, participativa y comprometida con la formaci\u00f3n de nuevos profesionales.<\/span><\/p>\n<h2><span>Cuatro carreras conectadas con las necesidades del territorio<\/span><\/h2>\n<p class=\"isSelectedEnd\"><span>Para el periodo 2S 2026, la Extensi\u00f3n UNEMI Daule mantiene una oferta acad\u00e9mica integrada por las carreras de <\/span><strong><span>Administraci\u00f3n de Empresas, Educaci\u00f3n, Ingenier\u00eda Industrial y Software<\/span><\/strong><span>, que permiten a los estudiantes prepararse en \u00e1reas vinculadas con la gesti\u00f3n, la ense\u00f1anza, la industria y la transformaci\u00f3n tecnol\u00f3gica.<\/span><\/p>\n<p class=\"isSelectedEnd\"><span>En primer nivel se han establecido <\/span><strong><span>60 cupos para cada una de las cuatro carreras<\/span><\/strong><span>, ampliando las posibilidades para que nuevos estudiantes inicien su trayectoria universitaria desde Daule.<\/span><\/p>\n<p class=\"isSelectedEnd\"><span>La oferta acad\u00e9mica permite que j\u00f3venes y adultos encuentren una alternativa de formaci\u00f3n m\u00e1s cercana a su territorio, reduciendo las barreras asociadas al desplazamiento y facilitando su incorporaci\u00f3n a la educaci\u00f3n superior.<\/span><\/p>\n<p class=\"isSelectedEnd\"><span>M\u00e1s all\u00e1 de las cifras, el inicio de cada periodo representa nuevas historias y proyectos de vida. En las aulas convergen estudiantes que comienzan o contin\u00faan una carrera con expectativas profesionales y personales que encuentran en UNEMI una oportunidad para avanzar hacia sus metas.<\/span><\/p>\n<p class=\"isSelectedEnd\"><span>Con el inicio del <\/span><strong><span>2S 2026<\/span><\/strong><span>, UNEMI contin\u00faa fortaleciendo su presencia en Daule y su vinculaci\u00f3n con el territorio, acercando oportunidades acad\u00e9micas y contribuyendo a la formaci\u00f3n de profesionales capaces de responder a los desaf\u00edos de su entorno.<\/span><\/p>\n<p><strong><span>UNEMI Daule crece junto a su comunidad, llevando educaci\u00f3n superior y nuevas oportunidades cada vez m\u00e1s cerca de quienes aspiran a transformar su futuro.<\/span><\/strong><\/p>\n","protected":false},"excerpt":{"rendered":"<p>La Extensi\u00f3n Universitaria inicia una nueva etapa acad\u00e9mica con cuatro carreras orientadas a ampliar las oportunidades de acceso a la educaci\u00f3n superior y responder a las necesidades de formaci\u00f3n de [&hellip;]<\/p>\n","protected":false},"author":34,"featured_media":54399,"comment_status":"closed","ping_status":"closed","sticky":false,"template":"","format":"standard","meta":{"_joinchat":[],"footnotes":""},"categories":[54,682,347,345],"tags":[],"class_list":["post-54398","post","type-post","status-publish","format-standard","has-post-thumbnail","hentry","category-noticias","category-noticias-vicerrectorado-academico","category-opinion","category-sala-de-prensa"],"_links":{"self":[{"href":"https:\/\/www.unemi.edu.ec\/index.php\/wp-json\/wp\/v2\/posts\/54398","targetHints":{"allow":["GET"]}}],"collection":[{"href":"https:\/\/www.unemi.edu.ec\/index.php\/wp-json\/wp\/v2\/posts"}],"about":[{"href":"https:\/\/www.unemi.edu.ec\/index.php\/wp-json\/wp\/v2\/types\/post"}],"author":[{"embeddable":true,"href":"https:\/\/www.unemi.edu.ec\/index.php\/wp-json\/wp\/v2\/users\/34"}],"replies":[{"embeddable":true,"href":"https:\/\/www.unemi.edu.ec\/index.php\/wp-json\/wp\/v2\/comments?post=54398"}],"version-history":[{"count":1,"href":"https:\/\/www.unemi.edu.ec\/index.php\/wp-json\/wp\/v2\/posts\/54398\/revisions"}],"predecessor-version":[{"id":54400,"href":"https:\/\/www.unemi.edu.ec\/index.php\/wp-json\/wp\/v2\/posts\/54398\/revisions\/54400"}],"wp:featuredmedia":[{"embeddable":true,"href":"https:\/\/www.unemi.edu.ec\/index.php\/wp-json\/wp\/v2\/media\/54399"}],"wp:attachment":[{"href":"https:\/\/www.unemi.edu.ec\/index.php\/wp-json\/wp\/v2\/media?parent=54398"}],"wp:term":[{"taxonomy":"category","embeddable":true,"href":"https:\/\/www.unemi.edu.ec\/index.php\/wp-json\/wp\/v2\/categories?post=54398"},{"taxonomy":"post_tag","embeddable":true,"href":"https:\/\/www.unemi.edu.ec\/index.php\/wp-json\/wp\/v2\/tags?post=54398"}],"curies":[{"name":"wp","href":"https:\/\/api.w.org\/{rel}","templated":true}]}}