{"id":54392,"date":"2026-08-26T11:00:36","date_gmt":"2026-08-26T16:00:36","guid":{"rendered":"https:\/\/www.unemi.edu.ec\/?p=54392"},"modified":"2026-09-02T12:12:39","modified_gmt":"2026-09-02T17:12:39","slug":"unemi-aporta-al-desarrollo-de-emprendedores-con-formacion-tributaria-especializada","status":"publish","type":"post","link":"https:\/\/www.unemi.edu.ec\/index.php\/2026\/08\/26\/unemi-aporta-al-desarrollo-de-emprendedores-con-formacion-tributaria-especializada\/","title":{"rendered":"UNEMI aporta al desarrollo de emprendedores con formaci\u00f3n tributaria especializada"},"content":{"rendered":"<p class=\"isSelectedEnd\"><strong><span>La jornada, desarrollada con el acompa\u00f1amiento del Servicio de Rentas Internas (SRI), reuni\u00f3 a 50 participantes para actualizar conocimientos sobre obligaciones, reformas, beneficios e incentivos establecidos en la normativa vigente.<\/span><\/strong><\/p>\n<p class=\"isSelectedEnd\"><span>La Universidad Estatal de Milagro (UNEMI), a trav\u00e9s del <\/span><strong><span>Vicerrectorado de Vinculaci\u00f3n<\/span><\/strong><span>, liderado por la <\/span><strong><span>Ph. D. Mayra D\u2019Armas<\/span><\/strong><span>, gener\u00f3 un nuevo espacio de formaci\u00f3n dirigido a emprendedores y actores vinculados al desarrollo econ\u00f3mico local, con el prop\u00f3sito de brindar herramientas que contribuyan a una gesti\u00f3n responsable de sus actividades productivas.<\/span><\/p>\n<p class=\"isSelectedEnd\"><span>Como parte de esta iniciativa se desarroll\u00f3 la capacitaci\u00f3n <\/span><strong><span>\u201cActualizaci\u00f3n Tributaria\u201d<\/span><\/strong><span>, que reuni\u00f3 a <\/span><strong><span>50 participantes<\/span><\/strong><span> y cont\u00f3 con el acompa\u00f1amiento de funcionarios del <\/span><strong><span>Servicio de Rentas Internas (SRI)<\/span><\/strong><span>.<\/span><\/p>\n<p class=\"isSelectedEnd\"><span>Durante la jornada se abordaron las principales obligaciones fiscales, reformas recientes, beneficios e incentivos contemplados en la normativa, as\u00ed como aspectos pr\u00e1cticos relacionados con el cumplimiento tributario.<\/span><\/p>\n<p class=\"isSelectedEnd\"><span>Uno de los componentes centrales del encuentro fue el di\u00e1logo directo entre los participantes y los profesionales del SRI. Los asistentes pudieron plantear inquietudes relacionadas con sus actividades econ\u00f3micas y recibir orientaci\u00f3n sobre situaciones que enfrentan en la administraci\u00f3n de sus emprendimientos.<\/span><\/p>\n<p class=\"isSelectedEnd\"><span>Este intercambio permiti\u00f3 aclarar dudas y fortalecer conocimientos para una gesti\u00f3n tributaria m\u00e1s organizada, adem\u00e1s de contribuir a la prevenci\u00f3n de multas, sanciones u otras dificultades derivadas del desconocimiento de las obligaciones fiscales.<\/span><\/p>\n<p class=\"isSelectedEnd\"><strong><span>Eduardo \u00c1lvarez Andrade, funcionario del SRI de la Zona 8 \u2013 Guayas<\/span><\/strong><span>, destac\u00f3 la importancia de mantener este tipo de espacios para fortalecer la cultura tributaria entre la ciudadan\u00eda. Explic\u00f3 que conocer las reformas, beneficios e incentivos vigentes permite tomar mejores decisiones y cumplir adecuadamente con las responsabilidades establecidas en la normativa.<\/span><\/p>\n<p class=\"isSelectedEnd\"><span>Para los emprendedores, la jornada represent\u00f3 una oportunidad de actualizar conocimientos y aplicarlos directamente a sus actividades.<\/span><\/p>\n<p class=\"isSelectedEnd\"><strong><span>Rodrigo P\u00e9rez<\/span><\/strong><span>, participante de la capacitaci\u00f3n, se\u00f1al\u00f3 que los contenidos abordados le permitir\u00e1n identificar aspectos que puede mejorar en la gesti\u00f3n de su empresa. Por su parte, <\/span><strong><span>Melissa Villag\u00f3mez<\/span><\/strong><span> resalt\u00f3 la utilidad de mantenerse actualizada frente a los cambios tributarios tanto para su ejercicio profesional como para el desarrollo de su emprendimiento.<\/span><\/p>\n<p class=\"isSelectedEnd\"><span>La actividad cont\u00f3, adem\u00e1s, con la participaci\u00f3n de <\/span><strong><span>delegados del Gobierno Aut\u00f3nomo Descentralizado Municipal de Milagro<\/span><\/strong><span> y otros actores vinculados al ecosistema emprendedor local, fortaleciendo la articulaci\u00f3n entre academia, instituciones p\u00fablicas y ciudadan\u00eda.<\/span><\/p>\n<p class=\"isSelectedEnd\"><span>Desde el Vicerrectorado de Vinculaci\u00f3n, estas iniciativas buscan acercar conocimientos y herramientas a quienes desarrollan actividades productivas en el territorio, contribuyendo al fortalecimiento de sus capacidades y a la sostenibilidad de sus proyectos.<\/span><\/p>\n<p><span>Con estas acciones, <\/span><strong><span>UNEMI fortalece su vinculaci\u00f3n con la sociedad y genera espacios de formaci\u00f3n que responden a las necesidades del entorno<\/span><\/strong><span>, aportando al desarrollo econ\u00f3mico local y a la construcci\u00f3n de una cultura tributaria responsable.<\/span><\/p>\n","protected":false},"excerpt":{"rendered":"<p>La jornada, desarrollada con el acompa\u00f1amiento del Servicio de Rentas Internas (SRI), reuni\u00f3 a 50 participantes para actualizar conocimientos sobre obligaciones, reformas, beneficios e incentivos establecidos en la normativa vigente. [&hellip;]<\/p>\n","protected":false},"author":34,"featured_media":54393,"comment_status":"closed","ping_status":"closed","sticky":false,"template":"","format":"standard","meta":{"_joinchat":[],"footnotes":""},"categories":[347,54,345],"tags":[],"class_list":["post-54392","post","type-post","status-publish","format-standard","has-post-thumbnail","hentry","category-opinion","category-noticias","category-sala-de-prensa"],"_links":{"self":[{"href":"https:\/\/www.unemi.edu.ec\/index.php\/wp-json\/wp\/v2\/posts\/54392","targetHints":{"allow":["GET"]}}],"collection":[{"href":"https:\/\/www.unemi.edu.ec\/index.php\/wp-json\/wp\/v2\/posts"}],"about":[{"href":"https:\/\/www.unemi.edu.ec\/index.php\/wp-json\/wp\/v2\/types\/post"}],"author":[{"embeddable":true,"href":"https:\/\/www.unemi.edu.ec\/index.php\/wp-json\/wp\/v2\/users\/34"}],"replies":[{"embeddable":true,"href":"https:\/\/www.unemi.edu.ec\/index.php\/wp-json\/wp\/v2\/comments?post=54392"}],"version-history":[{"count":2,"href":"https:\/\/www.unemi.edu.ec\/index.php\/wp-json\/wp\/v2\/posts\/54392\/revisions"}],"predecessor-version":[{"id":54396,"href":"https:\/\/www.unemi.edu.ec\/index.php\/wp-json\/wp\/v2\/posts\/54392\/revisions\/54396"}],"wp:featuredmedia":[{"embeddable":true,"href":"https:\/\/www.unemi.edu.ec\/index.php\/wp-json\/wp\/v2\/media\/54393"}],"wp:attachment":[{"href":"https:\/\/www.unemi.edu.ec\/index.php\/wp-json\/wp\/v2\/media?parent=54392"}],"wp:term":[{"taxonomy":"category","embeddable":true,"href":"https:\/\/www.unemi.edu.ec\/index.php\/wp-json\/wp\/v2\/categories?post=54392"},{"taxonomy":"post_tag","embeddable":true,"href":"https:\/\/www.unemi.edu.ec\/index.php\/wp-json\/wp\/v2\/tags?post=54392"}],"curies":[{"name":"wp","href":"https:\/\/api.w.org\/{rel}","templated":true}]}}