{"id":51880,"date":"2026-01-15T11:51:39","date_gmt":"2026-01-15T16:51:39","guid":{"rendered":"https:\/\/www.unemi.edu.ec\/?p=51880"},"modified":"2026-01-19T11:55:49","modified_gmt":"2026-01-19T16:55:49","slug":"psicologia-clinica-la-nueva-apuesta-academica-de-la-unemi","status":"publish","type":"post","link":"https:\/\/www.unemi.edu.ec\/index.php\/2026\/01\/15\/psicologia-clinica-la-nueva-apuesta-academica-de-la-unemi\/","title":{"rendered":"Psicolog\u00eda Cl\u00ednica, la nueva apuesta acad\u00e9mica de la UNEMI"},"content":{"rendered":"<p data-start=\"266\" data-end=\"652\">La <span class=\"hover:entity-accent entity-underline inline cursor-pointer align-baseline\"><span class=\"whitespace-normal\">Universidad Estatal de Milagro<\/span><\/span> (UNEMI) fortalece su compromiso con el bienestar integral de la sociedad a trav\u00e9s de la carrera de Psicolog\u00eda Cl\u00ednica, una propuesta acad\u00e9mica presencial orientada a la formaci\u00f3n de profesionales \u00e9ticos, emp\u00e1ticos y altamente capacitados para responder a las demandas actuales de la salud mental, tanto a nivel individual como colectivo.<\/p>\n<p data-start=\"654\" data-end=\"1031\">La carrera, con una duraci\u00f3n de ocho semestres en modalidad presencial, ofrece una formaci\u00f3n integral que articula docencia, investigaci\u00f3n y vinculaci\u00f3n con la sociedad, permitiendo a los estudiantes desarrollar competencias en evaluaci\u00f3n, diagn\u00f3stico, intervenci\u00f3n y prevenci\u00f3n de problem\u00e1ticas psicosociales, desde una perspectiva \u00e9tica, cient\u00edfica y contextualizada.<\/p>\n<p data-start=\"1033\" data-end=\"1342\">El programa acad\u00e9mico aborda enfoques te\u00f3ricos y pr\u00e1cticos que preparan a los futuros profesionales para enfrentar diversas realidades humanas, incluyendo el desarrollo humano, los trastornos mentales, las adicciones, las crisis emocionales y otras condiciones que inciden directamente en la salud mental.<\/p>\n<p data-start=\"1344\" data-end=\"1730\">La formaci\u00f3n se distingue por su enfoque cient\u00edfico, cr\u00edtico e intercultural, promoviendo el ejercicio responsable de la psicolog\u00eda en contextos cl\u00ednicos, comunitarios y de salud p\u00fablica. Asimismo, el plan de estudios fortalece tanto las habilidades de intervenci\u00f3n directa como las capacidades investigativas, contribuyendo al desarrollo del conocimiento en este campo fundamental.<\/p>\n<p data-start=\"1732\" data-end=\"1992\">La carrera de Psicolog\u00eda Cl\u00ednica responde a la creciente necesidad de profesionales especializados en salud mental, en un contexto donde el bienestar emocional y psicol\u00f3gico se ha consolidado como un eje clave para el desarrollo personal, social y comunitario.<\/p>\n<p data-start=\"2254\" data-end=\"2393\">\ud83d\udd17 M\u00e1s informaci\u00f3n sobre la carrera de Psicolog\u00eda Cl\u00ednica:<br data-start=\"2316\" data-end=\"2319\" \/><a data-start=\"2319\" data-end=\"2393\" rel=\"noopener\" target=\"_new\" class=\"decorated-link\" href=\"https:\/\/www.unemi.edu.ec\/index.php\/carreras-presencial\/psicologia-clinica\/\">https:\/\/www.unemi.edu.ec\/index.php\/carreras-presencial\/psicologia-clinica\/<span aria-hidden=\"true\" class=\"ms-0.5 inline-block align-middle leading-none\"><\/span><\/a><\/p>\n","protected":false},"excerpt":{"rendered":"<p>La Universidad Estatal de Milagro (UNEMI) fortalece su compromiso con el bienestar integral de la sociedad a trav\u00e9s de la carrera de Psicolog\u00eda Cl\u00ednica, una propuesta acad\u00e9mica presencial orientada a [&hellip;]<\/p>\n","protected":false},"author":34,"featured_media":51881,"comment_status":"closed","ping_status":"closed","sticky":false,"template":"","format":"standard","meta":{"_joinchat":[],"footnotes":""},"categories":[345,681,54,682,347],"tags":[],"class_list":["post-51880","post","type-post","status-publish","format-standard","has-post-thumbnail","hentry","category-sala-de-prensa","category-blog-viceacademico","category-noticias","category-noticias-vicerrectorado-academico","category-opinion"],"_links":{"self":[{"href":"https:\/\/www.unemi.edu.ec\/index.php\/wp-json\/wp\/v2\/posts\/51880","targetHints":{"allow":["GET"]}}],"collection":[{"href":"https:\/\/www.unemi.edu.ec\/index.php\/wp-json\/wp\/v2\/posts"}],"about":[{"href":"https:\/\/www.unemi.edu.ec\/index.php\/wp-json\/wp\/v2\/types\/post"}],"author":[{"embeddable":true,"href":"https:\/\/www.unemi.edu.ec\/index.php\/wp-json\/wp\/v2\/users\/34"}],"replies":[{"embeddable":true,"href":"https:\/\/www.unemi.edu.ec\/index.php\/wp-json\/wp\/v2\/comments?post=51880"}],"version-history":[{"count":1,"href":"https:\/\/www.unemi.edu.ec\/index.php\/wp-json\/wp\/v2\/posts\/51880\/revisions"}],"predecessor-version":[{"id":51882,"href":"https:\/\/www.unemi.edu.ec\/index.php\/wp-json\/wp\/v2\/posts\/51880\/revisions\/51882"}],"wp:featuredmedia":[{"embeddable":true,"href":"https:\/\/www.unemi.edu.ec\/index.php\/wp-json\/wp\/v2\/media\/51881"}],"wp:attachment":[{"href":"https:\/\/www.unemi.edu.ec\/index.php\/wp-json\/wp\/v2\/media?parent=51880"}],"wp:term":[{"taxonomy":"category","embeddable":true,"href":"https:\/\/www.unemi.edu.ec\/index.php\/wp-json\/wp\/v2\/categories?post=51880"},{"taxonomy":"post_tag","embeddable":true,"href":"https:\/\/www.unemi.edu.ec\/index.php\/wp-json\/wp\/v2\/tags?post=51880"}],"curies":[{"name":"wp","href":"https:\/\/api.w.org\/{rel}","templated":true}]}}