{"id":46731,"date":"2025-04-02T17:21:15","date_gmt":"2025-04-02T22:21:15","guid":{"rendered":"https:\/\/www.unemi.edu.ec\/?p=46731"},"modified":"2025-04-07T15:16:32","modified_gmt":"2025-04-07T20:16:32","slug":"que-hace-el-vicerrectorado-academico-y-por-que-es-clave-para-tu-formacion","status":"publish","type":"post","link":"https:\/\/www.unemi.edu.ec\/index.php\/2025\/04\/02\/que-hace-el-vicerrectorado-academico-y-por-que-es-clave-para-tu-formacion\/","title":{"rendered":"\u00bfQu\u00e9 hace el Vicerrectorado Acad\u00e9mico y por qu\u00e9 es clave para tu formaci\u00f3n?"},"content":{"rendered":"<p><span style=\"font-size: 14pt;\">El Vicerrectorado Acad\u00e9mico de Formaci\u00f3n de Grado es el coraz\u00f3n de la gesti\u00f3n educativa en la UNEMI. Su misi\u00f3n es garantizar que cada estudiante tenga acceso a una formaci\u00f3n de calidad, adaptada a las nuevas demandas acad\u00e9micas y tecnol\u00f3gicas. A trav\u00e9s de distintas estrategias, trabaja para hacer que la educaci\u00f3n sea m\u00e1s accesible, eficiente e innovadora.<\/span><\/p>\n<p><span style=\"font-size: 14pt;\">Para mejorar el acceso de la poblaci\u00f3n estudiantil, este Vicerrectorado ha implementado procesos acad\u00e9micos flexibles, que se ajustan a distintas realidades econ\u00f3micas y geogr\u00e1ficas. La ampliaci\u00f3n de cupos y la organizaci\u00f3n de turnos han permitido que m\u00e1s personas accedan a la Universidad, sin que esto afecte la calidad educativa. Adem\u00e1s, el sistema de admisi\u00f3n se basa en el rendimiento acad\u00e9mico previo, promoviendo la equidad y el reconocimiento del esfuerzo.<\/span><\/p>\n<p><span style=\"font-size: 14pt;\">Con un n\u00famero creciente de estudiantes, es clave mantener altos est\u00e1ndares de calidad. Para ello, se han establecido indicadores de seguimiento que permiten evaluar el desempe\u00f1o docente, la utilizaci\u00f3n de recursos acad\u00e9micos y la efectividad de las tutor\u00edas. La capacitaci\u00f3n continua de los profesores en metodolog\u00edas innovadoras y el fortalecimiento de plataformas digitales como Moodle y el SGA, han sido esenciales en este proceso.<\/span><\/p>\n<p><span style=\"font-size: 14pt;\">En los \u00faltimos meses, se han implementado mejoras acad\u00e9micas significativas. La modernizaci\u00f3n del aula virtual ahora ofrece experiencias de aprendizaje m\u00e1s interactivas. Se han incorporado nuevos repositorios acad\u00e9micos como UTECA y herramientas digitales que facilitan la investigaci\u00f3n. La infraestructura tecnol\u00f3gica tambi\u00e9n se ha reforzado, asegurando una mejor gesti\u00f3n acad\u00e9mica y un aprendizaje m\u00e1s personalizado.<\/span><\/p>\n<p><span style=\"font-size: 14pt;\">Los planes de estudio tambi\u00e9n est\u00e1n en constante actualizaci\u00f3n. Las Direcciones de Carrera eval\u00faan peri\u00f3dicamente los programas para garantizar que sigan siendo relevantes y competitivos. Se han dise\u00f1ado proyectos de innovaci\u00f3n curricular que involucran a las Facultades y otras \u00e1reas acad\u00e9micas, asegurando una mejora continua en la oferta educativa.<\/span><\/p>\n<p><span style=\"font-size: 14pt;\">Para que los procesos acad\u00e9micos sean eficientes, se han automatizado m\u00faltiples procedimientos dentro del SGA. Desde la asignaci\u00f3n de clases hasta la evaluaci\u00f3n del aprendizaje, cada etapa est\u00e1 optimizada para agilizar la gesti\u00f3n acad\u00e9mica. El monitoreo constante del rendimiento estudiantil tambi\u00e9n permite tomar decisiones basadas en datos y mejorar la planificaci\u00f3n estrat\u00e9gica.<\/span><\/p>\n<p><span style=\"font-size: 14pt;\">El Vicerrectorado Acad\u00e9mico de Formaci\u00f3n de Grado trabaja de la mano con las Facultades y Direcciones de Carrera para brindar apoyo a los estudiantes. Se han desarrollado sistemas de alerta temprana que identifican a quienes tienen dificultades acad\u00e9micas y requieren asistencia. La optimizaci\u00f3n de la carga docente y la mejora de los materiales de estudio tambi\u00e9n han sido clave para fortalecer la experiencia de aprendizaje.<\/span><\/p>\n<p><span style=\"font-size: 14pt;\">Para quienes enfrentan dificultades acad\u00e9micas, se han implementado programas de tutor\u00edas personalizadas. A trav\u00e9s de una evaluaci\u00f3n continua, se identifican las \u00e1reas de mejora y se brindan estrategias para superar los retos acad\u00e9micos.<\/span><\/p>\n<p><span style=\"font-size: 14pt;\">El trabajo del Vicerrectorado Acad\u00e9mico de Formaci\u00f3n de Grado se traduce en procesos eficientes, y en una mejor experiencia universitaria para todos. Con cada innovaci\u00f3n y mejora, se reafirma el compromiso de UNEMI con la excelencia educativa y el desarrollo de sus estudiantes.<\/span><\/p>\n","protected":false},"excerpt":{"rendered":"<p>El Vicerrectorado Acad\u00e9mico de Formaci\u00f3n de Grado es el coraz\u00f3n de la gesti\u00f3n educativa en la UNEMI. Su misi\u00f3n es garantizar que cada estudiante tenga acceso a una formaci\u00f3n de [&hellip;]<\/p>\n","protected":false},"author":34,"featured_media":45561,"comment_status":"closed","ping_status":"closed","sticky":false,"template":"","format":"standard","meta":{"_joinchat":[],"footnotes":""},"categories":[681,395],"tags":[],"class_list":["post-46731","post","type-post","status-publish","format-standard","has-post-thumbnail","hentry","category-blog-viceacademico","category-blog"],"_links":{"self":[{"href":"https:\/\/www.unemi.edu.ec\/index.php\/wp-json\/wp\/v2\/posts\/46731","targetHints":{"allow":["GET"]}}],"collection":[{"href":"https:\/\/www.unemi.edu.ec\/index.php\/wp-json\/wp\/v2\/posts"}],"about":[{"href":"https:\/\/www.unemi.edu.ec\/index.php\/wp-json\/wp\/v2\/types\/post"}],"author":[{"embeddable":true,"href":"https:\/\/www.unemi.edu.ec\/index.php\/wp-json\/wp\/v2\/users\/34"}],"replies":[{"embeddable":true,"href":"https:\/\/www.unemi.edu.ec\/index.php\/wp-json\/wp\/v2\/comments?post=46731"}],"version-history":[{"count":2,"href":"https:\/\/www.unemi.edu.ec\/index.php\/wp-json\/wp\/v2\/posts\/46731\/revisions"}],"predecessor-version":[{"id":46733,"href":"https:\/\/www.unemi.edu.ec\/index.php\/wp-json\/wp\/v2\/posts\/46731\/revisions\/46733"}],"wp:featuredmedia":[{"embeddable":true,"href":"https:\/\/www.unemi.edu.ec\/index.php\/wp-json\/wp\/v2\/media\/45561"}],"wp:attachment":[{"href":"https:\/\/www.unemi.edu.ec\/index.php\/wp-json\/wp\/v2\/media?parent=46731"}],"wp:term":[{"taxonomy":"category","embeddable":true,"href":"https:\/\/www.unemi.edu.ec\/index.php\/wp-json\/wp\/v2\/categories?post=46731"},{"taxonomy":"post_tag","embeddable":true,"href":"https:\/\/www.unemi.edu.ec\/index.php\/wp-json\/wp\/v2\/tags?post=46731"}],"curies":[{"name":"wp","href":"https:\/\/api.w.org\/{rel}","templated":true}]}}