{"id":46454,"date":"2025-02-27T23:10:11","date_gmt":"2025-02-28T04:10:11","guid":{"rendered":"https:\/\/www.unemi.edu.ec\/?p=46454"},"modified":"2025-02-27T23:10:11","modified_gmt":"2025-02-28T04:10:11","slug":"unemi-fortalece-lazos-de-cooperacion-con-la-embajada-de-espana-en-ecuador","status":"publish","type":"post","link":"https:\/\/www.unemi.edu.ec\/index.php\/2025\/02\/27\/unemi-fortalece-lazos-de-cooperacion-con-la-embajada-de-espana-en-ecuador\/","title":{"rendered":"UNEMI fortalece lazos de cooperaci\u00f3n con la Embajada de Espa\u00f1a en Ecuador"},"content":{"rendered":"<p><span style=\"font-size: 14pt;\">En el marco de los procesos de internacionalizaci\u00f3n que impulsa la Universidad Estatal de Milagro (UNEMI), la tarde de hoy, jueves, 27 de febrero del 2025, el director de Relaciones Interinstitucionales de la <em>alma mater<\/em>, Mgs. Jaime Coello, mantuvo una reuni\u00f3n con la Dra. Mercedes Mill\u00e1n Rajoy, Consejera Cultural y destacada diplom\u00e1tica de la Embajada de Espa\u00f1a en Ecuador, con el prop\u00f3sito de fortalecer la cooperaci\u00f3n acad\u00e9mica y la movilidad internacional entre ambas instituciones.<\/span><\/p>\n<p><span style=\"font-size: 14pt;\">Durante el encuentro, se destac\u00f3 el papel fundamental del Centro de Apoyo de UNEMI en Madrid, Espa\u00f1a, una iniciativa estrat\u00e9gica que busca acercar la educaci\u00f3n superior a la comunidad migrante ecuatoriana en Espa\u00f1a y sus alrededores, facilitando su acceso a programas de formaci\u00f3n acad\u00e9mica.<\/span><\/p>\n<p><span style=\"font-size: 14pt;\">Adem\u00e1s, se abordaron temas claves relacionados con la promoci\u00f3n y difusi\u00f3n de la cultura espa\u00f1ola en Ecuador, as\u00ed como la generaci\u00f3n de espacios de intercambio acad\u00e9mico y cultural. La Embajada de Espa\u00f1a y UNEMI reafirmaron su compromiso con la consolidaci\u00f3n de alianzas que fomenten el desarrollo educativo y cultural en ambos pa\u00edses.<\/span><\/p>\n<p><span style=\"font-size: 14pt;\">Con este tipo de acercamientos, UNEMI sigue consolidando su presencia internacional, fortaleciendo la cooperaci\u00f3n interinstitucional y generando oportunidades para el crecimiento acad\u00e9mico de su comunidad universitaria.<\/span><\/p>\n","protected":false},"excerpt":{"rendered":"<p>En el marco de los procesos de internacionalizaci\u00f3n que impulsa la Universidad Estatal de Milagro (UNEMI), la tarde de hoy, jueves, 27 de febrero del 2025, el director de Relaciones [&hellip;]<\/p>\n","protected":false},"author":34,"featured_media":46455,"comment_status":"closed","ping_status":"closed","sticky":false,"template":"","format":"standard","meta":{"_joinchat":[],"footnotes":""},"categories":[345,54],"tags":[],"class_list":["post-46454","post","type-post","status-publish","format-standard","has-post-thumbnail","hentry","category-sala-de-prensa","category-noticias"],"_links":{"self":[{"href":"https:\/\/www.unemi.edu.ec\/index.php\/wp-json\/wp\/v2\/posts\/46454","targetHints":{"allow":["GET"]}}],"collection":[{"href":"https:\/\/www.unemi.edu.ec\/index.php\/wp-json\/wp\/v2\/posts"}],"about":[{"href":"https:\/\/www.unemi.edu.ec\/index.php\/wp-json\/wp\/v2\/types\/post"}],"author":[{"embeddable":true,"href":"https:\/\/www.unemi.edu.ec\/index.php\/wp-json\/wp\/v2\/users\/34"}],"replies":[{"embeddable":true,"href":"https:\/\/www.unemi.edu.ec\/index.php\/wp-json\/wp\/v2\/comments?post=46454"}],"version-history":[{"count":2,"href":"https:\/\/www.unemi.edu.ec\/index.php\/wp-json\/wp\/v2\/posts\/46454\/revisions"}],"predecessor-version":[{"id":46457,"href":"https:\/\/www.unemi.edu.ec\/index.php\/wp-json\/wp\/v2\/posts\/46454\/revisions\/46457"}],"wp:featuredmedia":[{"embeddable":true,"href":"https:\/\/www.unemi.edu.ec\/index.php\/wp-json\/wp\/v2\/media\/46455"}],"wp:attachment":[{"href":"https:\/\/www.unemi.edu.ec\/index.php\/wp-json\/wp\/v2\/media?parent=46454"}],"wp:term":[{"taxonomy":"category","embeddable":true,"href":"https:\/\/www.unemi.edu.ec\/index.php\/wp-json\/wp\/v2\/categories?post=46454"},{"taxonomy":"post_tag","embeddable":true,"href":"https:\/\/www.unemi.edu.ec\/index.php\/wp-json\/wp\/v2\/tags?post=46454"}],"curies":[{"name":"wp","href":"https:\/\/api.w.org\/{rel}","templated":true}]}}