{"id":4482,"date":"2015-09-15T19:49:44","date_gmt":"2015-09-15T19:49:44","guid":{"rendered":"https:\/\/https:\/\/www.unemi.edu.ec\/\/wordpress\/?p=4482"},"modified":"2019-03-31T01:44:18","modified_gmt":"2019-03-31T01:44:18","slug":"ces-aprueba-proyecto-de-maestria-en-comunicacion-presentado-por-unemi","status":"publish","type":"post","link":"https:\/\/www.unemi.edu.ec\/index.php\/2015\/09\/15\/ces-aprueba-proyecto-de-maestria-en-comunicacion-presentado-por-unemi\/","title":{"rendered":"CES aprueba proyecto de Maestr\u00eda en Comunicaci\u00f3n presentado por UNEMI"},"content":{"rendered":"<p>El Consejo de Educaci\u00f3n Superior (CES) aprob\u00f3 oficialmente este jueves, el proyecto de Maestr\u00eda en Comunicaci\u00f3n, presentado por la Universidad Estatal de Milagro (UNEMI).<\/p>\n<p>Esta maestr\u00eda en Comunicaci\u00f3n tendr\u00e1 menci\u00f3n en Medios P\u00fablicos y Comunitarios.<\/p>\n<p>Ana Tamarit, docente invitada de UNEMI, y a la vez, directora del proyecto de maestr\u00eda, manifest\u00f3 que tras la aprobaci\u00f3n del CES, dar\u00e1 inicio el proceso de organizar toda la plataforma necesaria para hacer la oferta.<\/p>\n<p>\u201cEsta maestr\u00eda forma parte de un proyecto macro que lidera la Universidad Estatal de Milagro (\u2026) UNEMI pretende ser un referente en comunicaci\u00f3n\u201d sostuvo la docente.<\/p>\n<p>La resoluci\u00f3n del CES establece que el tipo de Maestr\u00eda es Profesional, bajo la modalidad de estudios Semipresencial; tendr\u00e1 una duraci\u00f3n de 4 semestres, con un total de 2.200 horas. La Maestr\u00eda ser\u00e1 ofertada a un costo de $9.000.<\/p>\n<p>El programa constar\u00e1 de dos paralelos, de hasta 20 estudiantes cada uno, de conformidad al R\u00e9gimen Acad\u00e9mico vigente y al procedimiento regulado en la normativa Reglamentaria.<\/p>\n<p>Podr\u00e1n postular todos los profesionales con t\u00edtulo de tercer nivel, registrado en el Sistema Nacional de Informaci\u00f3n de la Educaci\u00f3n Superior del Ecuador (SNIESE), en Ciencias de la Educaci\u00f3n, Psicolog\u00eda, Trabajo Social, Ciencias Sociales y Jur\u00eddicas, Comunicaci\u00f3n, Periodismo, Audiovisual, Publicidad y Relaciones P\u00fablicas.<\/p>\n<p>Tamarit a\u00f1adi\u00f3 que el objetivo de este programa es dar una formaci\u00f3n, articulando tres conceptos: la comunicaci\u00f3n, el periodismo y la mediaci\u00f3n social.<\/p>\n<p>Entre los ejes fundamentales que definen los contenidos de la maestr\u00eda, resaltan: fundamentos expresivos, artes period\u00edsticas,  comunicaci\u00f3n especializada, direcci\u00f3n de medios, cambio social, relaciones multiniveles, entre otros.<\/p>\n<p>El ochenta por ciento de los docentes ser\u00e1n doctores expertos en la materia que van a impartir, quienes realizar\u00e1n un seguimiento de las investigaciones y de los proyectos, destac\u00f3 Tamarit.         <\/p>\n","protected":false},"excerpt":{"rendered":"<p>El Consejo de Educaci\u00f3n Superior (CES) aprob\u00f3 oficialmente este jueves, el proyecto de Maestr\u00eda en Comunicaci\u00f3n, presentado por la Universidad Estatal de Milagro (UNEMI). Esta maestr\u00eda en Comunicaci\u00f3n tendr\u00e1 menci\u00f3n [&hellip;]<\/p>\n","protected":false},"author":23,"featured_media":0,"comment_status":"open","ping_status":"open","sticky":false,"template":"","format":"standard","meta":{"_joinchat":[],"footnotes":""},"categories":[54],"tags":[],"class_list":["post-4482","post","type-post","status-publish","format-standard","hentry","category-noticias"],"_links":{"self":[{"href":"https:\/\/www.unemi.edu.ec\/index.php\/wp-json\/wp\/v2\/posts\/4482","targetHints":{"allow":["GET"]}}],"collection":[{"href":"https:\/\/www.unemi.edu.ec\/index.php\/wp-json\/wp\/v2\/posts"}],"about":[{"href":"https:\/\/www.unemi.edu.ec\/index.php\/wp-json\/wp\/v2\/types\/post"}],"author":[{"embeddable":true,"href":"https:\/\/www.unemi.edu.ec\/index.php\/wp-json\/wp\/v2\/users\/23"}],"replies":[{"embeddable":true,"href":"https:\/\/www.unemi.edu.ec\/index.php\/wp-json\/wp\/v2\/comments?post=4482"}],"version-history":[{"count":0,"href":"https:\/\/www.unemi.edu.ec\/index.php\/wp-json\/wp\/v2\/posts\/4482\/revisions"}],"wp:attachment":[{"href":"https:\/\/www.unemi.edu.ec\/index.php\/wp-json\/wp\/v2\/media?parent=4482"}],"wp:term":[{"taxonomy":"category","embeddable":true,"href":"https:\/\/www.unemi.edu.ec\/index.php\/wp-json\/wp\/v2\/categories?post=4482"},{"taxonomy":"post_tag","embeddable":true,"href":"https:\/\/www.unemi.edu.ec\/index.php\/wp-json\/wp\/v2\/tags?post=4482"}],"curies":[{"name":"wp","href":"https:\/\/api.w.org\/{rel}","templated":true}]}}