{"id":43687,"date":"2024-08-20T18:59:42","date_gmt":"2024-08-20T23:59:42","guid":{"rendered":"https:\/\/www.unemi.edu.ec\/?p=43687"},"modified":"2024-08-20T18:59:42","modified_gmt":"2024-08-20T23:59:42","slug":"capacitacion-continua-en-unemi-impulsa-el-desarrollo-profesional-de-los-docentes","status":"publish","type":"post","link":"https:\/\/www.unemi.edu.ec\/index.php\/2024\/08\/20\/capacitacion-continua-en-unemi-impulsa-el-desarrollo-profesional-de-los-docentes\/","title":{"rendered":"Capacitaci\u00f3n continua en UNEMI impulsa el desarrollo profesional de los docentes"},"content":{"rendered":"<p><span style=\"font-size: 14pt;\">En un esfuerzo continuo por mejorar la calidad educativa, la Universidad Estatal de Milagro (UNEMI) lleva a cabo el plan de capacitaci\u00f3n dirigido a sus docentes. A trav\u00e9s del Vicerrectorado Acad\u00e9mico de Formaci\u00f3n de Grado, la instituci\u00f3n ofrece cursos dise\u00f1ados para fortalecer las competencias pedag\u00f3gicas y t\u00e9cnicas del cuerpo docente.<\/span><\/p>\n<p><span style=\"font-size: 14pt;\">Entre 2022 y 2023, la Instituci\u00f3n registr\u00f3 un total de 50 cursos internos y 173 externos desarrollados, capacitando a un total de 1.283 docentes. En 2024, hasta junio, se han ejecutado 28 cursos internos y gestionado 206 externos en los que han participado a un total de 772 catedr\u00e1ticos.<\/span><\/p>\n<p><span style=\"font-size: 14pt;\">La necesidad de estos cursos surge tras el an\u00e1lisis de los resultados obtenidos en el proceso de Evaluaci\u00f3n Docente, un mecanismo que permite a los estudiantes expresar sus opiniones sobre el desempe\u00f1o de sus profesores.<\/span><\/p>\n<p><span style=\"font-size: 14pt;\">Seg\u00fan Elka Almeida, directora de Evaluaci\u00f3n y Perfeccionamiento Acad\u00e9mico, los resultados de estas evaluaciones han sido clave para identificar \u00e1reas de oportunidad y necesidades de formaci\u00f3n, que ahora ser\u00e1n abordadas a trav\u00e9s de los cursos ofrecidos.<\/span><\/p>\n<p><span style=\"font-size: 14pt;\">&#8220;Este proceso es muy importante, pues se consideran las respuestas de los estudiantes y la detecci\u00f3n de necesidades de capacitaci\u00f3n que se elabora conjuntamente con directores de carrera y decanos. Este a\u00f1o hemos invertido un total de $59.800,00 en este proceso. La educaci\u00f3n superior est\u00e1 en constante evoluci\u00f3n, y nuestros docentes deben estar a la vanguardia de estos cambios para garantizar una formaci\u00f3n de calidad para nuestros estudiantes&#8221;, indic\u00f3 Almeida.<\/span><\/p>\n<p><span style=\"font-size: 14pt;\">La m\u00e1ster Gabriela V\u00e1squez es una de las docentes que ha destacado por su compromiso con la formaci\u00f3n continua. Gracias a su dedicaci\u00f3n, la directora de la carrera de Enfermer\u00eda, en 2023, complet\u00f3 un total de 14 cursos, lo que ha fortalecido su desarrollo profesional y ha contribuido significativamente con el enriquecimiento acad\u00e9mico de la comunidad educativa.<\/span><\/p>\n<p><span style=\"font-size: 14pt;\">\u201cParticipar en estos cursos me ha ayudado a mejorar la metodolog\u00eda de ense\u00f1anza y las funciones administrativas, aplicando estrategias y herramientas necesarias para el mejoramiento continuo de la c\u00e1tedra en el proceso de ense\u00f1anza &#8211; aprendizaje\u201d, destac\u00f3.<\/span><\/p>\n<p><span style=\"font-size: 14pt;\">Mario Fern\u00e1ndez es docente de UNEMI y ha desempe\u00f1ado las funciones de capacitador en estos cursos. El tema impartido fue de Redacci\u00f3n de art\u00edculos cient\u00edficos, cuya experiencia, afirma, ha sido enriquecedora y le ha generado satisfacci\u00f3n, por apoyar en el fortalecimiento personal y sobre todo en potenciar la cultura investigativa en los docentes de la UNEMI.<\/span><\/p>\n<p><span style=\"font-size: 14pt;\">\u201cHe sentido la satisfacci\u00f3n de los docentes que realizaron el curso, al adquirir directrices, gu\u00edas y herramientas significativas para la elaboraci\u00f3n de art\u00edculos cient\u00edficos, con direccionamiento a publicar en revistas de alto impacto, especialmente en las bases de datos SCOPUS y Web of Science (WOS), que en la actualidad son requisitos indispensables para la evaluaci\u00f3n del desempe\u00f1o docente\u201d, sostuvo.<\/span><\/p>\n<p><span style=\"font-size: 14pt;\">La participaci\u00f3n en estos cursos es voluntaria, pero se espera que un n\u00famero considerable de docentes aproveche esta valiosa oportunidad para fortalecer sus habilidades y contribuir de manera significativa con el desarrollo de la universidad.<\/span><\/p>\n<p><span style=\"font-size: 14pt;\"><strong>CURSOS REFUERZAN EST\u00c1NDARES EDUCATIVOS<\/strong><\/span><\/p>\n<p><span style=\"font-size: 14pt;\">Cada a\u00f1o, la Instituci\u00f3n asigna un recurso significativo para la ejecuci\u00f3n de los cursos de formaci\u00f3n docente, reconociendo la importancia de la capacitaci\u00f3n continua para mantener altos est\u00e1ndares educativos. <\/span><\/p>\n<p><span style=\"font-size: 14pt;\">Este financiamiento permite la organizaci\u00f3n de programas internos y la gesti\u00f3n de oportunidades externas, garantizando que el personal acad\u00e9mico reciba las herramientas y conocimientos necesarios para enfrentar los desaf\u00edos de la ense\u00f1anza moderna.<\/span><\/p>\n<p><span style=\"font-size: 14pt;\">Los cursos internos son gratuitos y est\u00e1n orientados a mejorar las habilidades pedag\u00f3gicas, el uso de herramientas tecnol\u00f3gicas en la ense\u00f1anza, y el dise\u00f1o de estrategias de aprendizaje inclusivas y efectivas.<\/span><\/p>\n<p><span style=\"font-size: 14pt;\">Estos cursos son impartidos por expertos en educaci\u00f3n y est\u00e1n disponibles en formato presencial y virtual, lo que permitir\u00e1 a los docentes acceder a la formaci\u00f3n de manera flexible.<\/span><\/p>\n<p><span style=\"font-size: 14pt;\">Por otro lado, los cursos externos pagados son programas especializados que buscan proporcionar una formaci\u00f3n m\u00e1s profunda en \u00e1reas espec\u00edficas del conocimiento. Estos cursos se realizan en colaboraci\u00f3n con instituciones acad\u00e9micas nacionales e internacionales de prestigio, ofreciendo a los docentes la oportunidad de obtener certificaciones adicionales que fortalezcan su perfil profesional. (BM)<\/span><\/p>\n","protected":false},"excerpt":{"rendered":"<p>En un esfuerzo continuo por mejorar la calidad educativa, la Universidad Estatal de Milagro (UNEMI) lleva a cabo el plan de capacitaci\u00f3n dirigido a sus docentes. A trav\u00e9s del Vicerrectorado [&hellip;]<\/p>\n","protected":false},"author":34,"featured_media":43688,"comment_status":"closed","ping_status":"closed","sticky":false,"template":"","format":"standard","meta":{"_joinchat":[],"footnotes":""},"categories":[345,54],"tags":[],"class_list":["post-43687","post","type-post","status-publish","format-standard","has-post-thumbnail","hentry","category-sala-de-prensa","category-noticias"],"_links":{"self":[{"href":"https:\/\/www.unemi.edu.ec\/index.php\/wp-json\/wp\/v2\/posts\/43687","targetHints":{"allow":["GET"]}}],"collection":[{"href":"https:\/\/www.unemi.edu.ec\/index.php\/wp-json\/wp\/v2\/posts"}],"about":[{"href":"https:\/\/www.unemi.edu.ec\/index.php\/wp-json\/wp\/v2\/types\/post"}],"author":[{"embeddable":true,"href":"https:\/\/www.unemi.edu.ec\/index.php\/wp-json\/wp\/v2\/users\/34"}],"replies":[{"embeddable":true,"href":"https:\/\/www.unemi.edu.ec\/index.php\/wp-json\/wp\/v2\/comments?post=43687"}],"version-history":[{"count":1,"href":"https:\/\/www.unemi.edu.ec\/index.php\/wp-json\/wp\/v2\/posts\/43687\/revisions"}],"predecessor-version":[{"id":43689,"href":"https:\/\/www.unemi.edu.ec\/index.php\/wp-json\/wp\/v2\/posts\/43687\/revisions\/43689"}],"wp:featuredmedia":[{"embeddable":true,"href":"https:\/\/www.unemi.edu.ec\/index.php\/wp-json\/wp\/v2\/media\/43688"}],"wp:attachment":[{"href":"https:\/\/www.unemi.edu.ec\/index.php\/wp-json\/wp\/v2\/media?parent=43687"}],"wp:term":[{"taxonomy":"category","embeddable":true,"href":"https:\/\/www.unemi.edu.ec\/index.php\/wp-json\/wp\/v2\/categories?post=43687"},{"taxonomy":"post_tag","embeddable":true,"href":"https:\/\/www.unemi.edu.ec\/index.php\/wp-json\/wp\/v2\/tags?post=43687"}],"curies":[{"name":"wp","href":"https:\/\/api.w.org\/{rel}","templated":true}]}}