{"id":3896,"date":"2016-05-31T21:30:14","date_gmt":"2016-05-31T21:30:14","guid":{"rendered":"https:\/\/https:\/\/www.unemi.edu.ec\/\/wordpress\/?p=3896"},"modified":"2019-03-31T01:24:54","modified_gmt":"2019-03-31T01:24:54","slug":"universitarios-reciben-conocimientos-en-marketing","status":"publish","type":"post","link":"https:\/\/www.unemi.edu.ec\/index.php\/2016\/05\/31\/universitarios-reciben-conocimientos-en-marketing\/","title":{"rendered":"Universitarios reciben conocimientos en Marketing"},"content":{"rendered":"<p>Un total de 120 universitarios de las carreras de Gesti\u00f3n Empresarial y de Marketing estuvieron presentes en la conferencia denominada \u201cPertinencia de Marketing en el \u00e1mbito profesional y empresarial\u201d.<\/p>\n<p>La Empresa P\u00fablica de Producci\u00f3n y Desarrollo Estrat\u00e9gico (EPUNEMI) y la Facultad de Ciencias Administrativas y Comerciales organizaron esta actividad, que se desarroll\u00f3 en las salas 106 A y 106 B de los laboratorios del Csi@, bloque H.<\/p>\n<p>A esta conferencia asistieron las principales autoridades de la facultad y organizadores del evento, F\u00e9lix Villegas, Decano; Javier V\u00e9lez, Gerente de EPUNEMI; Ra\u00fal Minchala, Director de la carrera de Gesti\u00f3n Empresarial; Rosa Robalino, Directora de la carrera de Marketing, y docentes.<\/p>\n<p>\u201cEstos eventos nos sirven para la acreditaci\u00f3n de las carreras; hay que aprovechar los programas acad\u00e9micos para el fortalecimiento institucional\u201d indic\u00f3 Ra\u00fal Minchala.<\/p>\n<p>El decano dio la bienvenida a los universitarios y les indujo a aprovechar la conferencia para que adquieran m\u00e1s conocimientos sobre el mundo de los negocios.<\/p>\n<p>La expositora Karla V\u00e9lez D\u00edaz realiz\u00f3 su ponencia con el tema MARKETING: Tendencias y oportunidades, enfoc\u00e1ndose en que el mercado laboral es muy competitivo. \u201cDebemos prepararnos y fortalecer los conocimientos para enfrentar esos retos\u201d coment\u00f3 durante su exposici\u00f3n.<\/p>\n<p>Para la conferencista el Marketing es muy amplio, abarca industrias, empresas, marcas y publicidad; es ah\u00ed donde los conocimientos de los futuros profesionales de esta rama deben ser aplicados.<\/p>\n<p>Karla V\u00e9lez tiene un Masterado en Direcci\u00f3n Comercial y Marketing en la Universidad Aut\u00f3noma de Barcelona y es experta en investigaci\u00f3n de mercado.<\/p>\n<p>Para el Marketing no hay recetas establecidas sino ideas que son la filosof\u00eda de los profesionales en Marketing, resalt\u00f3 la expositora.         <\/p>\n","protected":false},"excerpt":{"rendered":"<p>Un total de 120 universitarios de las carreras de Gesti\u00f3n Empresarial y de Marketing estuvieron presentes en la conferencia denominada \u201cPertinencia de Marketing en el \u00e1mbito profesional y empresarial\u201d. La [&hellip;]<\/p>\n","protected":false},"author":23,"featured_media":0,"comment_status":"open","ping_status":"open","sticky":false,"template":"","format":"standard","meta":{"_joinchat":[],"footnotes":""},"categories":[54],"tags":[],"class_list":["post-3896","post","type-post","status-publish","format-standard","hentry","category-noticias"],"_links":{"self":[{"href":"https:\/\/www.unemi.edu.ec\/index.php\/wp-json\/wp\/v2\/posts\/3896","targetHints":{"allow":["GET"]}}],"collection":[{"href":"https:\/\/www.unemi.edu.ec\/index.php\/wp-json\/wp\/v2\/posts"}],"about":[{"href":"https:\/\/www.unemi.edu.ec\/index.php\/wp-json\/wp\/v2\/types\/post"}],"author":[{"embeddable":true,"href":"https:\/\/www.unemi.edu.ec\/index.php\/wp-json\/wp\/v2\/users\/23"}],"replies":[{"embeddable":true,"href":"https:\/\/www.unemi.edu.ec\/index.php\/wp-json\/wp\/v2\/comments?post=3896"}],"version-history":[{"count":0,"href":"https:\/\/www.unemi.edu.ec\/index.php\/wp-json\/wp\/v2\/posts\/3896\/revisions"}],"wp:attachment":[{"href":"https:\/\/www.unemi.edu.ec\/index.php\/wp-json\/wp\/v2\/media?parent=3896"}],"wp:term":[{"taxonomy":"category","embeddable":true,"href":"https:\/\/www.unemi.edu.ec\/index.php\/wp-json\/wp\/v2\/categories?post=3896"},{"taxonomy":"post_tag","embeddable":true,"href":"https:\/\/www.unemi.edu.ec\/index.php\/wp-json\/wp\/v2\/tags?post=3896"}],"curies":[{"name":"wp","href":"https:\/\/api.w.org\/{rel}","templated":true}]}}