{"id":32377,"date":"2022-09-04T21:21:06","date_gmt":"2022-09-05T02:21:06","guid":{"rendered":"https:\/\/www.unemi.edu.ec\/?p=32377"},"modified":"2022-09-04T21:21:06","modified_gmt":"2022-09-05T02:21:06","slug":"dia-internacional-del-taekwondo-unemi-tiene-sus-primeros-medallistas-en-esta-disciplina","status":"publish","type":"post","link":"https:\/\/www.unemi.edu.ec\/index.php\/2022\/09\/04\/dia-internacional-del-taekwondo-unemi-tiene-sus-primeros-medallistas-en-esta-disciplina\/","title":{"rendered":"D\u00eda Internacional del Taekwondo: UNEMI tiene sus primeros medallistas en esta disciplina"},"content":{"rendered":"<p style=\"text-align: justify;\">Kevin Jahir Velasco M\u00e9ndez, Melanie Liliana Valdiviezo Lara y Richard Jasmany Castillo Olmedo. Estos 3 nombres quedar\u00e1n grabados para la historia de la UNEMI al ser nuestros primeros estudiantes taekwondistas, ganadores de medallas en un torneo nacional de esta disciplina deportiva.<\/p>\n<p style=\"text-align: justify;\">Fue el pasado 27 y 28 de julio, en el \u201cI Open Nacional Universitario y Polit\u00e9cnico de Taekwondo UTA 2022\u201d, organizado por la Universidad T\u00e9cnica de Ambato y la Federaci\u00f3n Ecuatoriana del Deporte Universitario y Polit\u00e9cnico, con el aval de la Federaci\u00f3n Ecuatoriana de Taekwondo, que nuestros tres j\u00f3venes lograron esta haza\u00f1a deportiva.<\/p>\n<p style=\"text-align: justify;\">Kevin, de 23 a\u00f1os, estudiante del s\u00e9ptimo nivel de la carrera de Licenciatura en Pedagog\u00eda de la Actividad F\u00edsica y Deporte, oriundo de la ciudad de Milagro, obtuvo medalla de oro en este torneo, en el que participaron 12 universidades del pa\u00eds y 105 competidores en total.<\/p>\n<p style=\"text-align: justify;\">El triunfo tampoco les fue esquivo a Melanie y a Richard. Ambos obtuvieron medalla de plata en este mismo torneo. Ella tiene 23 a\u00f1os, estudia la misma carrera que Kevin y es de Guayaquil. \u00c9l, mientas tanto, es estudiante de Derecho en l\u00ednea, donde cursa su cuarto nivel. Su hogar est\u00e1 en el cant\u00f3n Santa Luc\u00eda, perteneciente a la provincia del Guayas.<\/p>\n<p style=\"text-align: justify;\">Los tres dejaron en evidencia la potencia, destreza y habilidad que los caracteriza, gracias al esfuerzo que cada uno pone en los entrenamientos, que los realizan cada semana en las canchas m\u00faltiples del polideportivo de la UNEMI. En ese lugar se concentran al menos tres veces por semana para practicar y donde tambi\u00e9n transmiten sus conocimientos deportivos a nuevos estudiantes que cada vez se suman para formarse como nuevos taekwondistas, todos bajo la direcci\u00f3n de Daniel Manzo, su entrenador.<\/p>\n<p style=\"text-align: justify;\">Kevin, Melanie y Richard coinciden en que la disciplina y la organizaci\u00f3n son elementos claves para dedicarse a este deporte y, a la vez, no descuidar su preparaci\u00f3n acad\u00e9mica.<\/p>\n<p style=\"text-align: justify;\">En el caso de Richard, por ejemplo, cada d\u00eda de entrenamiento, que suelen ser los lunes, mi\u00e9rcoles y viernes, debe viajar 4 horas desde Santa Luc\u00eda hasta Milagro. Eso implica que por las noches se acueste un poco m\u00e1s temprano de lo normal para dormir sus horas completas, y as\u00ed tambi\u00e9n levantarse m\u00e1s temprano, en la madrugada. Adem\u00e1s, ajustar horarios para asistir a clases, hacer tareas y cumplir con sus dem\u00e1s actividades personales.<\/p>\n<p style=\"text-align: justify;\">Similar historia comparte Melanie, quien debe tambi\u00e9n emprender destino desde Guayaquil a Milagro cada d\u00eda de entrenamiento y para asistir a sus clases presenciales. Si bien, son menos horas de viaje, tambi\u00e9n implica un esfuerzo, por lo que es muy cuidadosa en el tema de horarios. \u201cEs muy dif\u00edcil entrenar, estudiar y trabajar, pero hay que ser disciplinado\u201d, explica la joven taekwondista.<br \/>\n\u201cSi no tuviera una buena organizaci\u00f3n, no pudiera entrenar, hacer tareas ni trabajar\u201d, opina Kevin, quien adem\u00e1s de estudiar y practicar este deporte, labora por las noches en una helader\u00eda de la ciudad, para ayudarse econ\u00f3micamente y a su familia. \u201cEs sacrificado\u201d, dice, pero est\u00e1 seguro de que todo lo que hace en la actualidad tendr\u00e1 sus frutos en el futuro.<\/p>\n<p style=\"text-align: justify;\">Los tres comparten el sue\u00f1o de volver a darle a su Universidad m\u00e1s medallas de oro en pr\u00f3ximos torneos nacionales e internacionales. Tienen en mente alcanzar sus metas deportivas, de la mano de sus logros acad\u00e9micos.<\/p>\n<p style=\"text-align: justify; padding-left: 40px;\">EL DATO<br \/>\nSeg\u00fan el Comit\u00e9 Ol\u00edmpico Internacional, desde 1994, cada 4 de septiembre es el D\u00eda internacional del Taekwondo, arte marcial que es considerada de manera oficial como una disciplina ol\u00edmpica.<\/p>\n","protected":false},"excerpt":{"rendered":"<p>Kevin Jahir Velasco M\u00e9ndez, Melanie Liliana Valdiviezo Lara y Richard Jasmany Castillo Olmedo. Estos 3 nombres quedar\u00e1n grabados para la historia de la UNEMI al ser nuestros primeros estudiantes taekwondistas, [&hellip;]<\/p>\n","protected":false},"author":35,"featured_media":32378,"comment_status":"closed","ping_status":"closed","sticky":false,"template":"","format":"standard","meta":{"_joinchat":[],"footnotes":""},"categories":[54],"tags":[],"class_list":["post-32377","post","type-post","status-publish","format-standard","has-post-thumbnail","hentry","category-noticias"],"_links":{"self":[{"href":"https:\/\/www.unemi.edu.ec\/index.php\/wp-json\/wp\/v2\/posts\/32377","targetHints":{"allow":["GET"]}}],"collection":[{"href":"https:\/\/www.unemi.edu.ec\/index.php\/wp-json\/wp\/v2\/posts"}],"about":[{"href":"https:\/\/www.unemi.edu.ec\/index.php\/wp-json\/wp\/v2\/types\/post"}],"author":[{"embeddable":true,"href":"https:\/\/www.unemi.edu.ec\/index.php\/wp-json\/wp\/v2\/users\/35"}],"replies":[{"embeddable":true,"href":"https:\/\/www.unemi.edu.ec\/index.php\/wp-json\/wp\/v2\/comments?post=32377"}],"version-history":[{"count":1,"href":"https:\/\/www.unemi.edu.ec\/index.php\/wp-json\/wp\/v2\/posts\/32377\/revisions"}],"predecessor-version":[{"id":32379,"href":"https:\/\/www.unemi.edu.ec\/index.php\/wp-json\/wp\/v2\/posts\/32377\/revisions\/32379"}],"wp:featuredmedia":[{"embeddable":true,"href":"https:\/\/www.unemi.edu.ec\/index.php\/wp-json\/wp\/v2\/media\/32378"}],"wp:attachment":[{"href":"https:\/\/www.unemi.edu.ec\/index.php\/wp-json\/wp\/v2\/media?parent=32377"}],"wp:term":[{"taxonomy":"category","embeddable":true,"href":"https:\/\/www.unemi.edu.ec\/index.php\/wp-json\/wp\/v2\/categories?post=32377"},{"taxonomy":"post_tag","embeddable":true,"href":"https:\/\/www.unemi.edu.ec\/index.php\/wp-json\/wp\/v2\/tags?post=32377"}],"curies":[{"name":"wp","href":"https:\/\/api.w.org\/{rel}","templated":true}]}}