{"id":30545,"date":"2022-04-29T16:03:12","date_gmt":"2022-04-29T21:03:12","guid":{"rendered":"https:\/\/https:\/\/www.unemi.edu.ec\/\/wordpress\/?p=30545"},"modified":"2022-04-29T16:05:21","modified_gmt":"2022-04-29T21:05:21","slug":"ansiedad-y-desatencion-entre-posibles-escenarios-en-retorno-a-la-presencialidad","status":"publish","type":"post","link":"https:\/\/www.unemi.edu.ec\/index.php\/2022\/04\/29\/ansiedad-y-desatencion-entre-posibles-escenarios-en-retorno-a-la-presencialidad\/","title":{"rendered":"Ansiedad y desatenci\u00f3n, entre posibles escenarios en retorno a la presencialidad"},"content":{"rendered":"<p style=\"text-align: justify;\">La I Jornada de Actualizaci\u00f3n Pospandemia, organizada por la Universidad Estatal de Milagro &#8211; UNEMI y su Maestr\u00eda en Educaci\u00f3n B\u00e1sica dej\u00f3 interesantes reflexiones sobre lo que representar\u00e1 el retorno a clases presenciales para ni\u00f1os, ni\u00f1as y adolescentes. La posibilidad de cuadros de ansiedad y de dificultades en el proceso de atenci\u00f3n marcar\u00e1n las aulas, donde se hace imprescindible la innovaci\u00f3n.<\/p>\n<p style=\"text-align: justify;\">Bella Troya, asesora educativa y docente de la UNEMI, expuso sobre El curr\u00edculo: Un aporte a la transformaci\u00f3n social. Al reflexionar sobre los desaf\u00edos en la implementaci\u00f3n del mismo, record\u00f3 que este debe ser flexible. \u201cHay que inspirar el curr\u00edculo en los intereses de los estudiantes y en las necesidades actuales y futuras, en las aspiraciones de ellos como miembros activos de una comunidad\u201d, se\u00f1al\u00f3.<\/p>\n<p style=\"text-align: justify;\">La experta est\u00e1 consciente de que en el retorno a clases presenciales se detectar\u00e1n vac\u00edos curriculares, de ah\u00ed que \u201cdebemos recuperar los aprendizajes perdidos\u201d.<\/p>\n<p style=\"text-align: justify;\">\u201cEs necesario retroceder hasta donde est\u00e9n los estudiantes. Tenemos que ir fortaleciendo los requisitos previos y las bases para avanzar de manera curricular. No solo tenemos que nivelar, sino que tenemos que recuperar, ya que (las consecuencias de) estos dos a\u00f1os pueden convertirse o traducirse en 10 a\u00f1os de retraso escolar\u201d, sentenci\u00f3.<\/p>\n<p style=\"text-align: justify;\">La psic\u00f3loga y docente de Espol y de UNEMI Alexandra Salinas, en cambio, ahond\u00f3 en las emociones en el proceso educativo pospandemia. En ese sentido, pidi\u00f3 a sus colegas estar atentos a \u201cni\u00f1os y adolescentes que han estado en etapas de confinamiento y restricciones, y de una u otra manera se han visto afectados en sus estados emocionales, que van a expresarse (en el aula f\u00edsica)\u201d.<\/p>\n<p style=\"text-align: justify;\">Por ello, la recomendaci\u00f3n es que los educadores no solo tienen que educar, sino tambi\u00e9n convertirse en gestores de emociones, porque desde mayo se notar\u00e1n diferencias f\u00edsicas, intelectuales y afectivas. \u201cQuiz\u00e1 no todos puedan estar atentos media hora a una clase, porque existen componentes psicol\u00f3gicos individualizados con caracter\u00edsticas afectivas que los hace ser diferentes. El rol del docente ser\u00e1 identificar a sus estudiantes dentro del aula\u201d.<\/p>\n<p style=\"text-align: justify;\">\u201cDeben tener mucho cuidado con los cuadros de ansiedad que se puedan presentar en ni\u00f1os y adolescentes, porque la esfera de relaciones sociales se ha mantenido a trav\u00e9s de una virtualidad o juegos en l\u00ednea, y al volver al aula f\u00edsica se puede presentar un desbalance emocional\u201d, advirti\u00f3 Salinas.<\/p>\n","protected":false},"excerpt":{"rendered":"<p>La I Jornada de Actualizaci\u00f3n Pospandemia, organizada por la Universidad Estatal de Milagro &#8211; UNEMI y su Maestr\u00eda en Educaci\u00f3n B\u00e1sica dej\u00f3 interesantes reflexiones sobre lo que representar\u00e1 el retorno [&hellip;]<\/p>\n","protected":false},"author":35,"featured_media":30548,"comment_status":"closed","ping_status":"open","sticky":false,"template":"","format":"standard","meta":{"_joinchat":[],"footnotes":""},"categories":[54],"tags":[],"class_list":["post-30545","post","type-post","status-publish","format-standard","has-post-thumbnail","hentry","category-noticias"],"_links":{"self":[{"href":"https:\/\/www.unemi.edu.ec\/index.php\/wp-json\/wp\/v2\/posts\/30545","targetHints":{"allow":["GET"]}}],"collection":[{"href":"https:\/\/www.unemi.edu.ec\/index.php\/wp-json\/wp\/v2\/posts"}],"about":[{"href":"https:\/\/www.unemi.edu.ec\/index.php\/wp-json\/wp\/v2\/types\/post"}],"author":[{"embeddable":true,"href":"https:\/\/www.unemi.edu.ec\/index.php\/wp-json\/wp\/v2\/users\/35"}],"replies":[{"embeddable":true,"href":"https:\/\/www.unemi.edu.ec\/index.php\/wp-json\/wp\/v2\/comments?post=30545"}],"version-history":[{"count":0,"href":"https:\/\/www.unemi.edu.ec\/index.php\/wp-json\/wp\/v2\/posts\/30545\/revisions"}],"wp:featuredmedia":[{"embeddable":true,"href":"https:\/\/www.unemi.edu.ec\/index.php\/wp-json\/wp\/v2\/media\/30548"}],"wp:attachment":[{"href":"https:\/\/www.unemi.edu.ec\/index.php\/wp-json\/wp\/v2\/media?parent=30545"}],"wp:term":[{"taxonomy":"category","embeddable":true,"href":"https:\/\/www.unemi.edu.ec\/index.php\/wp-json\/wp\/v2\/categories?post=30545"},{"taxonomy":"post_tag","embeddable":true,"href":"https:\/\/www.unemi.edu.ec\/index.php\/wp-json\/wp\/v2\/tags?post=30545"}],"curies":[{"name":"wp","href":"https:\/\/api.w.org\/{rel}","templated":true}]}}