{"id":30447,"date":"2022-04-22T16:43:36","date_gmt":"2022-04-22T21:43:36","guid":{"rendered":"https:\/\/https:\/\/www.unemi.edu.ec\/\/wordpress\/?p=30447"},"modified":"2022-04-25T09:29:15","modified_gmt":"2022-04-25T14:29:15","slug":"la-unemi-organiza-i-jornada-de-actualizacion-docente-pospandemia","status":"publish","type":"post","link":"https:\/\/www.unemi.edu.ec\/index.php\/2022\/04\/22\/la-unemi-organiza-i-jornada-de-actualizacion-docente-pospandemia\/","title":{"rendered":"La UNEMI organiza I Jornada de Actualizaci\u00f3n Docente Pospandemia"},"content":{"rendered":"<p style=\"text-align: justify;\">El retorno obligatorio a las clases presenciales desde mayo para el r\u00e9gimen Costa, dispuesto por el Ministerio de Educaci\u00f3n, plantea nuevos retos a los profesores. Es por ello que la Universidad Estatal de Milagro \u2013 UNEMI ofrece para este 27 y 28 de abril la I Jornada de Actualizaci\u00f3n Docente Pospandemia, que se desarrollar\u00e1 de manera virtual y ser\u00e1 gratuito.<\/p>\n<p style=\"text-align: justify;\">El evento cient\u00edfico tiene el car\u00e1cter de nacional y lo organizan el Vicerrectorado de Investigaci\u00f3n, a trav\u00e9s de la Direcci\u00f3n de Posgrado y la Maestr\u00eda en Educaci\u00f3n B\u00e1sica; se desarrollar\u00e1 el 27 y 28 de abril, a partir de las 15:00.<\/p>\n<p style=\"text-align: justify;\">El objetivo de la actividad es fortalecer al docente de educaci\u00f3n b\u00e1sica ante el retorno a la presencialidad, mediante una jornada de actualizaci\u00f3n pospandemia, que busca potenciar sus habilidades pedag\u00f3gicas, emocionales, sociales e investigativas.<\/p>\n<p style=\"text-align: justify;\">La jornada tiene un valor curricular de 10 horas acad\u00e9micas y se emitir\u00e1 la certificaci\u00f3n correspondiente a quienes asistan a los dos d\u00edas de conferencia. Est\u00e1 dirigido a docentes que laboran en planteles del Ministerio de Educaci\u00f3n y de centros particulares; as\u00ed como a profesionales interesados en la educaci\u00f3n b\u00e1sica.<\/p>\n<p style=\"text-align: justify;\">Como expositores se contar\u00e1 con Bella Troya, quien socializar\u00e1 el nuevo curr\u00edculo de Educaci\u00f3n 2022 para fortalecer el proceso de aprendizaje presencial; Carlos Fonseca abordar\u00e1 la Planificaci\u00f3n curricular con \u00e9nfasis en competencias comunicacionales, matem\u00e1ticas, digitales y socioemocionales y curr\u00edculo priorizado UBP. Mientras que Alexandra Salinas disertar\u00e1 sobre La emotividad en los procesos educativos; y, Oswaldo Salazar explicar\u00e1 Normas APA en la investigaci\u00f3n de la educaci\u00f3n b\u00e1sica.<\/p>\n","protected":false},"excerpt":{"rendered":"<p>El retorno obligatorio a las clases presenciales desde mayo para el r\u00e9gimen Costa, dispuesto por el Ministerio de Educaci\u00f3n, plantea nuevos retos a los profesores. Es por ello que la [&hellip;]<\/p>\n","protected":false},"author":35,"featured_media":30452,"comment_status":"closed","ping_status":"open","sticky":false,"template":"","format":"standard","meta":{"_joinchat":[],"footnotes":""},"categories":[54],"tags":[],"class_list":["post-30447","post","type-post","status-publish","format-standard","has-post-thumbnail","hentry","category-noticias"],"_links":{"self":[{"href":"https:\/\/www.unemi.edu.ec\/index.php\/wp-json\/wp\/v2\/posts\/30447","targetHints":{"allow":["GET"]}}],"collection":[{"href":"https:\/\/www.unemi.edu.ec\/index.php\/wp-json\/wp\/v2\/posts"}],"about":[{"href":"https:\/\/www.unemi.edu.ec\/index.php\/wp-json\/wp\/v2\/types\/post"}],"author":[{"embeddable":true,"href":"https:\/\/www.unemi.edu.ec\/index.php\/wp-json\/wp\/v2\/users\/35"}],"replies":[{"embeddable":true,"href":"https:\/\/www.unemi.edu.ec\/index.php\/wp-json\/wp\/v2\/comments?post=30447"}],"version-history":[{"count":0,"href":"https:\/\/www.unemi.edu.ec\/index.php\/wp-json\/wp\/v2\/posts\/30447\/revisions"}],"wp:featuredmedia":[{"embeddable":true,"href":"https:\/\/www.unemi.edu.ec\/index.php\/wp-json\/wp\/v2\/media\/30452"}],"wp:attachment":[{"href":"https:\/\/www.unemi.edu.ec\/index.php\/wp-json\/wp\/v2\/media?parent=30447"}],"wp:term":[{"taxonomy":"category","embeddable":true,"href":"https:\/\/www.unemi.edu.ec\/index.php\/wp-json\/wp\/v2\/categories?post=30447"},{"taxonomy":"post_tag","embeddable":true,"href":"https:\/\/www.unemi.edu.ec\/index.php\/wp-json\/wp\/v2\/tags?post=30447"}],"curies":[{"name":"wp","href":"https:\/\/api.w.org\/{rel}","templated":true}]}}