{"id":30191,"date":"2022-04-01T14:51:11","date_gmt":"2022-04-01T19:51:11","guid":{"rendered":"https:\/\/https:\/\/www.unemi.edu.ec\/\/wordpress\/?p=30191"},"modified":"2022-04-14T11:43:02","modified_gmt":"2022-04-14T16:43:02","slug":"ecuador-revierte-los-estragos-de-la-pandemia","status":"publish","type":"post","link":"https:\/\/www.unemi.edu.ec\/index.php\/2022\/04\/01\/ecuador-revierte-los-estragos-de-la-pandemia\/","title":{"rendered":"Ecuador revierte los estragos de la pandemia, pero a\u00fan queda mucho por hacer"},"content":{"rendered":"<p style=\"text-align: justify;\">En l\u00ednea con lo esperado, luego de los estragos de la pandemia en el 2020, el efecto \u201crebote\u201d tuvo su correlato en el crecimiento econ\u00f3mico de 2021. La econom\u00eda ecuatoriana dej\u00f3 atr\u00e1s el retroceso m\u00e1s fuerte de toda la serie hist\u00f3rica de cuentas nacionales (-7,8%; a\u00f1o 2020) y se expandi\u00f3 el a\u00f1o previo en 4,2%, volviendo a crecer a tasas similares a las del a\u00f1o 2013. No obstante, m\u00e1s all\u00e1 de destacarse aquello como un logro de pol\u00edtica, a\u00fan con este dinamismo la producci\u00f3n nacional tan solo alcanz\u00f3 a situarse a niveles similares del a\u00f1o 2016 y en promedio no puede superar la barrera de los US$70 mil millones en los \u00faltimos ocho a\u00f1os.<\/p>\n<p style=\"text-align: justify;\">En lo que respecta a 2022, la previsi\u00f3n de crecimiento del Banco Central del Ecuador se ubica en 2,5% con riesgos latentes de ajustarse a la baja por los sucesos internacionales recientes que involucran la guerra entre Rusia y Ucrania, que, si bien es cierto, como efecto directo solo mermar\u00edan alrededor de US$80 millones al saldo de la balanza comercial bilateral con estos pa\u00edses, como efecto indirecto puede traer serios problemas a la econom\u00eda del pa\u00eds.<\/p>\n<p style=\"text-align: justify;\">Es que, dado el orden econ\u00f3mico mundial, al ser Rusia el segundo exportador de petr\u00f3leo m\u00e1s relevante en el mundo, despu\u00e9s de Arabia Saudita, ha mostrado tener clara incidencia (al alza) en el precio internacional del crudo, al recortar la oferta de petr\u00f3leo como retaliaci\u00f3n hacia los pa\u00edses que apoyan abiertamente a Ucrania (en su mayor\u00eda miembros de la Organizaci\u00f3n del Tratado del Atl\u00e1ntico Norte; OTAN). Este suceso tiene varias implicancias en la econom\u00eda del Ecuador, por un lado, afecta al equilibrio externo e incide a la vez en el equilibrio interno por los siguientes mecanismos de transici\u00f3n.<\/p>\n<p style=\"text-align: justify;\">Si analizamos al equilibrio externo, el efecto de primera ronda podr\u00eda impactar de forma positiva a la balanza comercial global del pa\u00eds v\u00eda mayores ingresos de exportaciones petroleras por incremento del precio internacional del crudo, lo cual, en principio, nos beneficia. No obstante, el efecto de segunda ronda gira en torno a la inflaci\u00f3n importada que tendr\u00edamos \u2013 que de hecho ya se empez\u00f3 a evidenciar en la din\u00e1mica del \u00cdndice de Precios al Consumidor (IPC) de enero &#8211; febrero 2022 \u2013 y que lograr\u00eda finalmente afectar al equilibrio interno si no se toman los correctivos necesarios.<\/p>\n<p style=\"text-align: justify;\">Lo previamente indicado, explicado quiz\u00e1 de mejor forma desde la famosa teor\u00eda centro \u2013 periferia, tomando en cuenta que el Ecuador es un pa\u00eds extractivista que vende petr\u00f3leo crudo al resto del mundo desde 1970 e importa derivados propios de este producto como por ejemplo la gasolina, cuyo precio sabemos que en la actualidad est\u00e1 anclado a los vaivenes del precio internacional del barril de WTI (West Texas Intermediate por sus siglas en ingl\u00e9s); es decir que, si este \u00faltimo sube, el costo de la gasolina en el pa\u00eds tambi\u00e9n lo har\u00e1 y con clara incidencia al alza en la inflaci\u00f3n.<br \/>\nEn dicho sentido, desde los manuales tradicionales de la macroeconom\u00eda, es claro que la inflaci\u00f3n para cualquier econom\u00eda del mundo es distorsiva para el bienestar de la sociedad y en Ecuador no ser\u00e1 la excepci\u00f3n. Desde la \u00f3ptica del equilibrio interno, esto puede afectar claramente al consumo privado y la inversi\u00f3n que, dicho y sea de paso, representan en su conjunto 85% de la demanda agregada.<\/p>\n<p style=\"text-align: justify;\">En el primer caso, haciendo caer los salarios reales del trabajador, reduciendo con esto su poder de compra y por consiguiente el consumo. Por el lado de la inversi\u00f3n, hay que recordar que el Ecuador es una econom\u00eda dolarizada y que EE.UU. es un pa\u00eds que, al ser un gran comprador de petr\u00f3leo en el mundo, tambi\u00e9n tendr\u00e1 presiones inflacionarias por el efecto del mayor precio del crudo.<\/p>\n<p style=\"text-align: justify;\">En dicho sentido, ya hemos podido evidenciar que este pa\u00eds a trav\u00e9s de su Reserva Federal (FED; por sus siglas en ingl\u00e9s) endurecer\u00e1 su pol\u00edtica monetaria con incrementos en su tasa de inter\u00e9s de referencia en marzo, junio, septiembre y diciembre 2022 con la finalidad de corregir los desequilibrios de precios relativos existentes y combatir la aceleraci\u00f3n de precios minoristas. En un contexto, como el actual, con fuga de capitales en Rusia y Ucrania y tensi\u00f3n mundial por las consecuencias derivadas de la guerra, los inversionistas querr\u00e1n refugiarse en un activo libre de riesgo, y el que la FED suba la tasa de inter\u00e9s ser\u00e1 un incentivo m\u00e1s para migrar sus capitales hacia EE.UU. y maximizar sus ganancias.<\/p>\n<p style=\"text-align: justify;\">Esta figura no solo aplica para los pa\u00edses inmersos en el conflicto sino tambi\u00e9n para econom\u00edas altamente vulnerables a shocks externos como la ecuatoriana. Los flujos de capitales en el pa\u00eds podr\u00edan verse afectados al depender de la influencia de la pol\u00edtica monetaria estadounidense por est\u00e1n anclados al d\u00f3lar.<\/p>\n<p style=\"text-align: justify;\">Dados estos acontecimientos, la expectativa de crecimiento econ\u00f3mico del pa\u00eds en 2022 debe considerar las nuevas reglas que impone el orden econ\u00f3mico mundial y aplicar pol\u00edticas orientadas a fortalecer el empleo, dise\u00f1ar estrategias para hacerle frente a los efectos trabajador a\u00f1adido y desanimado, pero sobre todo a generar credibilidad para que la tan anhelada inversi\u00f3n llegue al pa\u00eds y la que ya est\u00e1 no termine migrando hacia EE.UU. como parte del efecto sustituci\u00f3n en el marco de la maximizaci\u00f3n de las ganancias del inversionista.<\/p>\n<p>&nbsp;<\/p>\n<p>&nbsp;<\/p>\n<p><span style=\"color: #808080; font-size: 10pt;\">________________________________<\/span><\/p>\n<p><span style=\"color: #808080; font-size: 10pt;\"><em>&#8220;Los textos de cada art\u00edculo de opini\u00f3n son de exclusiva responsabilidad de su autor\/a.&#8221;.<\/em><\/span><\/p>\n","protected":false},"excerpt":{"rendered":"<p>En l\u00ednea con lo esperado, luego de los estragos de la pandemia en el 2020, el efecto \u201crebote\u201d tuvo su correlato en el crecimiento econ\u00f3mico de 2021. La econom\u00eda ecuatoriana [&hellip;]<\/p>\n","protected":false},"author":23,"featured_media":30192,"comment_status":"open","ping_status":"open","sticky":false,"template":"","format":"quote","meta":{"_joinchat":[],"footnotes":""},"categories":[347],"tags":[],"class_list":["post-30191","post","type-post","status-publish","format-quote","has-post-thumbnail","hentry","category-opinion","post_format-post-format-quote"],"_links":{"self":[{"href":"https:\/\/www.unemi.edu.ec\/index.php\/wp-json\/wp\/v2\/posts\/30191","targetHints":{"allow":["GET"]}}],"collection":[{"href":"https:\/\/www.unemi.edu.ec\/index.php\/wp-json\/wp\/v2\/posts"}],"about":[{"href":"https:\/\/www.unemi.edu.ec\/index.php\/wp-json\/wp\/v2\/types\/post"}],"author":[{"embeddable":true,"href":"https:\/\/www.unemi.edu.ec\/index.php\/wp-json\/wp\/v2\/users\/23"}],"replies":[{"embeddable":true,"href":"https:\/\/www.unemi.edu.ec\/index.php\/wp-json\/wp\/v2\/comments?post=30191"}],"version-history":[{"count":0,"href":"https:\/\/www.unemi.edu.ec\/index.php\/wp-json\/wp\/v2\/posts\/30191\/revisions"}],"wp:featuredmedia":[{"embeddable":true,"href":"https:\/\/www.unemi.edu.ec\/index.php\/wp-json\/wp\/v2\/media\/30192"}],"wp:attachment":[{"href":"https:\/\/www.unemi.edu.ec\/index.php\/wp-json\/wp\/v2\/media?parent=30191"}],"wp:term":[{"taxonomy":"category","embeddable":true,"href":"https:\/\/www.unemi.edu.ec\/index.php\/wp-json\/wp\/v2\/categories?post=30191"},{"taxonomy":"post_tag","embeddable":true,"href":"https:\/\/www.unemi.edu.ec\/index.php\/wp-json\/wp\/v2\/tags?post=30191"}],"curies":[{"name":"wp","href":"https:\/\/api.w.org\/{rel}","templated":true}]}}