{"id":27894,"date":"2021-10-23T11:36:06","date_gmt":"2021-10-23T16:36:06","guid":{"rendered":"https:\/\/https:\/\/www.unemi.edu.ec\/\/wordpress\/?p=27894"},"modified":"2021-10-23T11:43:33","modified_gmt":"2021-10-23T16:43:33","slug":"ciudadela-universitaria-llevara-el-nombre-de-su-rector-fundador-dr-romulo-minchala-murillo","status":"publish","type":"post","link":"https:\/\/www.unemi.edu.ec\/index.php\/2021\/10\/23\/ciudadela-universitaria-llevara-el-nombre-de-su-rector-fundador-dr-romulo-minchala-murillo\/","title":{"rendered":"Ciudadela universitaria llevar\u00e1 el nombre de su rector fundador: Dr. R\u00f3mulo Minchala Murillo"},"content":{"rendered":"<p><span style=\"font-size: 14pt; font-family: georgia, palatino, serif;\">Las 18 hect\u00e1reas de la ciudadela universitaria de UNEMI, espacio de terreno en el que se levantan las diferentes edificaciones de esta Instituci\u00f3n de Educaci\u00f3n Superior con sede en el cant\u00f3n Milagro, llevar\u00e1 el nombre de su rector fundador: Dr. R\u00f3mulo Minchala Murillo.<\/span><\/p>\n<p><span style=\"font-size: 14pt; font-family: georgia, palatino, serif;\">La imagen del reconocido acad\u00e9mico se inmortaliza de esta forma, luego de que en la sesi\u00f3n ordinaria del \u00d3rgano Colegiado Acad\u00e9mico Superior (OCAS) desarrollada este jueves, 21 de octubre del 2021, sus integrantes -por unanimidad- aprobaran la moci\u00f3n remitida mediante informe t\u00e9cnico suscrito d\u00edas atr\u00e1s por la Direcci\u00f3n de Aseguramiento de la Calidad de la alma mater.<\/span><\/p>\n<p><span style=\"font-size: 14pt; font-family: georgia, palatino, serif;\">El documento, entre sus recomendaciones, sugiere que la sede matriz de la Universidad lleve el nombre de su primer rector, Minchala, con la finalidad de \u201cfomentar la pertinencia hist\u00f3rica\u201d y por el valioso servicio que el personaje en menci\u00f3n ha brindado a la ciudad y el pa\u00eds, en el plano educativo.<\/span><\/p>\n<p><span style=\"font-size: 14pt; font-family: georgia, palatino, serif;\">En los pr\u00f3ximos d\u00edas, la Secretar\u00eda General de la UNEMI emitir\u00e1 la Resoluci\u00f3n respectiva, con la que se oficializar\u00e1 la decisi\u00f3n del m\u00e1ximo organismo institucional, presidido por el rector, PhD Fabricio Guevara Viej\u00f3.<\/span><\/p>\n<p><span style=\"font-size: 14pt; font-family: georgia, palatino, serif;\">El Dr. Minchala fue el primer rector de esta Universidad, desde su creaci\u00f3n el 7 de febrero del a\u00f1o 2001, hasta el 2012. Lo sucedieron el MSc. Jaime Orozco y, luego, el PhD Fabricio Guevara, quien en la actualidad se mantiene en el cargo.<\/span><\/p>\n<p><span style=\"font-size: 14pt; font-family: georgia, palatino, serif;\">RESE\u00d1A<\/span><br \/>\n<span style=\"font-size: 14pt; font-family: georgia, palatino, serif;\">R\u00f3mulo Marcelo Minchala Murillo es oriundo de Cuenca, parroquia El Sagrario, nacido un 7 de noviembre de 1944. Tiene 77 a\u00f1os, a la fecha. Sus padres se llamaron Luis Minchala y Mercedes Murillo.<\/span><\/p>\n<p><span style=\"font-size: 14pt; font-family: georgia, palatino, serif;\">Arrib\u00f3 a Milagro a sus 7 a\u00f1os de edad. Estudi\u00f3 la primaria en la Escuela Sim\u00f3n Bol\u00edvar, el colegio en el Dr. Jos\u00e9 Mar\u00eda Velasco Ibarra y su instrucci\u00f3n superior en Facultad de Ciencias M\u00e9dicas de la Universidad de Guayaquil, recibi\u00e9ndose como doctor en Medicina y Cirug\u00eda.<\/span><\/p>\n<p><span style=\"font-size: 14pt; font-family: georgia, palatino, serif;\">En su larga hoja de vida se destaca la creaci\u00f3n de la UNEMI, su trabajo al frente de la Extensi\u00f3n Universitaria y tambi\u00e9n, a\u00f1os despu\u00e9s de su desvinculaci\u00f3n de la Universidad, su incursi\u00f3n en la pol\u00edtica y elecci\u00f3n como asamble\u00edsta por la provincia del Guayas, en el 2017; adem\u00e1s de su participaci\u00f3n activa en diferentes instituciones p\u00fablicas y privadas a lo largo de toda su vida, que lo catapultaron a que sea hoy en d\u00eda uno de los ciudadanos m\u00e1s reconocidos y respetados de esta ciudad.<\/span><\/p>\n","protected":false},"excerpt":{"rendered":"<p>Las 18 hect\u00e1reas de la ciudadela universitaria de UNEMI, espacio de terreno en el que se levantan las diferentes edificaciones de esta Instituci\u00f3n de Educaci\u00f3n Superior con sede en el [&hellip;]<\/p>\n","protected":false},"author":23,"featured_media":27897,"comment_status":"closed","ping_status":"open","sticky":false,"template":"","format":"standard","meta":{"_joinchat":[],"footnotes":""},"categories":[54],"tags":[],"class_list":["post-27894","post","type-post","status-publish","format-standard","has-post-thumbnail","hentry","category-noticias"],"_links":{"self":[{"href":"https:\/\/www.unemi.edu.ec\/index.php\/wp-json\/wp\/v2\/posts\/27894","targetHints":{"allow":["GET"]}}],"collection":[{"href":"https:\/\/www.unemi.edu.ec\/index.php\/wp-json\/wp\/v2\/posts"}],"about":[{"href":"https:\/\/www.unemi.edu.ec\/index.php\/wp-json\/wp\/v2\/types\/post"}],"author":[{"embeddable":true,"href":"https:\/\/www.unemi.edu.ec\/index.php\/wp-json\/wp\/v2\/users\/23"}],"replies":[{"embeddable":true,"href":"https:\/\/www.unemi.edu.ec\/index.php\/wp-json\/wp\/v2\/comments?post=27894"}],"version-history":[{"count":0,"href":"https:\/\/www.unemi.edu.ec\/index.php\/wp-json\/wp\/v2\/posts\/27894\/revisions"}],"wp:featuredmedia":[{"embeddable":true,"href":"https:\/\/www.unemi.edu.ec\/index.php\/wp-json\/wp\/v2\/media\/27897"}],"wp:attachment":[{"href":"https:\/\/www.unemi.edu.ec\/index.php\/wp-json\/wp\/v2\/media?parent=27894"}],"wp:term":[{"taxonomy":"category","embeddable":true,"href":"https:\/\/www.unemi.edu.ec\/index.php\/wp-json\/wp\/v2\/categories?post=27894"},{"taxonomy":"post_tag","embeddable":true,"href":"https:\/\/www.unemi.edu.ec\/index.php\/wp-json\/wp\/v2\/tags?post=27894"}],"curies":[{"name":"wp","href":"https:\/\/api.w.org\/{rel}","templated":true}]}}