{"id":25724,"date":"2021-06-18T16:38:38","date_gmt":"2021-06-18T21:38:38","guid":{"rendered":"https:\/\/https:\/\/www.unemi.edu.ec\/\/wordpress\/?p=25724"},"modified":"2023-09-12T07:20:17","modified_gmt":"2023-09-12T12:20:17","slug":"deysi-medina-es-la-nueva-decana-de-la-facultad-de-ciencias-sociales-educacion-comercial-y-derecho-de-unemi","status":"publish","type":"post","link":"https:\/\/www.unemi.edu.ec\/index.php\/2021\/06\/18\/deysi-medina-es-la-nueva-decana-de-la-facultad-de-ciencias-sociales-educacion-comercial-y-derecho-de-unemi\/","title":{"rendered":"Deysi Medina es la nueva decana de la Facultad de Ciencias Sociales, Educaci\u00f3n Comercial y Derecho de UNEMI"},"content":{"rendered":"<p><span style=\"font-family: georgia, palatino, serif;\">La docente Deysi Medina Hinojosa ha sido designada, desde este jueves, 17 de junio del 2021, decana de la Facultad de Ciencias Sociales, Educaci\u00f3n Comercial y <a href=\"https:\/\/www.unemi.edu.ec\/index.php\/maestrias\/master-en-derecho-enlinea\/\" target=\"_blank\" rel=\"noopener\"><strong>Derecho<\/strong><\/a> (Facsecyd) de la Universidad Estatal de Milagro (UNEMI).<\/span><\/p>\n<p><span style=\"font-family: georgia, palatino, serif;\">Medina es mag\u00edster en Administraci\u00f3n y Direcci\u00f3n de Empresas y tiene dos diplomados superiores: uno en Gerencia Estrat\u00e9gica de Mercadeo y otro en Gerencia Estrat\u00e9gica del Desempe\u00f1o Empresarial. Adem\u00e1s, es ingeniera comercial.<\/span><\/p>\n<p><span style=\"font-family: georgia, palatino, serif;\">En UNEMI, la nueva decana se ha desempe\u00f1ado en diferentes cargos. Ha sido directora de la carrera de Ingenier\u00eda Industrial, coordinadora de la Biblioteca General, tutora de proyectos de <a href=\"https:\/\/www.unemi.edu.ec\/index.php\/maestrias\/master-en-educacion-inicial-innovacion-desarrollo-infantil-enlinea\/\" target=\"_blank\" rel=\"noopener\"><strong>Maestr\u00eda de Educaci\u00f3n<\/strong><\/a>, facilitadora de cursos de Educaci\u00f3n Continua, decana subrogante de la anterior Facultad de Ciencias Administrativas y Comerciales y, recientemente, fue representante de las y los docentes ante el \u00d3rgano Colegiado Acad\u00e9mico Superior (OCAS).<\/span><\/p>\n<p><span style=\"font-family: georgia, palatino, serif;\">En la actualidad es integrante del Grupo de Investigaci\u00f3n de Desarrollo local, administraci\u00f3n y pol\u00edticas industriales; ha participado en diferentes proyectos de investigaci\u00f3n y cuenta con varias publicaciones cient\u00edficas relacionadas con la gesti\u00f3n financiera, tributaci\u00f3n y m\u00e1s.<\/span><\/p>\n<p><span style=\"font-family: georgia, palatino, serif;\">Integrantes de la comunidad universitaria le dieron la bienvenida y le desean \u00e9xitos en esta nueva etapa acad\u00e9mica y personal que comienza.<\/span><\/p>\n","protected":false},"excerpt":{"rendered":"<p>La docente Deysi Medina Hinojosa ha sido designada, desde este jueves, 17 de junio del 2021, decana de la Facultad de Ciencias Sociales, Educaci\u00f3n Comercial y Derecho (Facsecyd) de la [&hellip;]<\/p>\n","protected":false},"author":23,"featured_media":25729,"comment_status":"closed","ping_status":"open","sticky":false,"template":"","format":"standard","meta":{"_joinchat":[],"footnotes":""},"categories":[54],"tags":[],"class_list":["post-25724","post","type-post","status-publish","format-standard","has-post-thumbnail","hentry","category-noticias"],"_links":{"self":[{"href":"https:\/\/www.unemi.edu.ec\/index.php\/wp-json\/wp\/v2\/posts\/25724","targetHints":{"allow":["GET"]}}],"collection":[{"href":"https:\/\/www.unemi.edu.ec\/index.php\/wp-json\/wp\/v2\/posts"}],"about":[{"href":"https:\/\/www.unemi.edu.ec\/index.php\/wp-json\/wp\/v2\/types\/post"}],"author":[{"embeddable":true,"href":"https:\/\/www.unemi.edu.ec\/index.php\/wp-json\/wp\/v2\/users\/23"}],"replies":[{"embeddable":true,"href":"https:\/\/www.unemi.edu.ec\/index.php\/wp-json\/wp\/v2\/comments?post=25724"}],"version-history":[{"count":3,"href":"https:\/\/www.unemi.edu.ec\/index.php\/wp-json\/wp\/v2\/posts\/25724\/revisions"}],"predecessor-version":[{"id":37059,"href":"https:\/\/www.unemi.edu.ec\/index.php\/wp-json\/wp\/v2\/posts\/25724\/revisions\/37059"}],"wp:featuredmedia":[{"embeddable":true,"href":"https:\/\/www.unemi.edu.ec\/index.php\/wp-json\/wp\/v2\/media\/25729"}],"wp:attachment":[{"href":"https:\/\/www.unemi.edu.ec\/index.php\/wp-json\/wp\/v2\/media?parent=25724"}],"wp:term":[{"taxonomy":"category","embeddable":true,"href":"https:\/\/www.unemi.edu.ec\/index.php\/wp-json\/wp\/v2\/categories?post=25724"},{"taxonomy":"post_tag","embeddable":true,"href":"https:\/\/www.unemi.edu.ec\/index.php\/wp-json\/wp\/v2\/tags?post=25724"}],"curies":[{"name":"wp","href":"https:\/\/api.w.org\/{rel}","templated":true}]}}