{"id":20651,"date":"2019-12-02T22:29:44","date_gmt":"2019-12-02T22:29:44","guid":{"rendered":"https:\/\/https:\/\/www.unemi.edu.ec\/\/wordpress\/?p=20651"},"modified":"2022-06-09T18:09:24","modified_gmt":"2022-06-09T23:09:24","slug":"unemi-se-prepara-para-empezar-curso-de-nivelacion-2s-2019","status":"publish","type":"post","link":"https:\/\/www.unemi.edu.ec\/index.php\/2019\/12\/02\/unemi-se-prepara-para-empezar-curso-de-nivelacion-2s-2019\/","title":{"rendered":"UNEMI se prepara para empezar Curso de Nivelaci\u00f3n 2s-2019"},"content":{"rendered":"<p style=\"text-align: justify;\"><span style=\"font-size: 14pt; font-family: georgia, palatino, serif;\">Estamos a las puertas de un nuevo proceso de Admisi\u00f3n en el que la Universidad Estatal de Milagro (UNEMI) recibir\u00e1 a miles de alumnos. <\/span><span style=\"font-size: 14pt; font-family: georgia, palatino, serif;\">Por ello, la UNEMI informa a los nuevos estudiantes del Curso de Nivelaci\u00f3n 2s-2019 modalidad presencial, que las clases iniciar\u00e1n este 6 de diciembre del 2019. La asistencia ser\u00e1 los d\u00edas viernes y s\u00e1bados.<\/span><\/p>\n<p style=\"text-align: justify;\"><span style=\"font-size: 14pt; font-family: georgia, palatino, serif;\">Para los de la modalidad en l\u00ednea de las carreras de Econom\u00eda, Derecho y Comunicaci\u00f3n, la Nivelaci\u00f3n tambi\u00e9n iniciar\u00e1 este 6 de diciembre. No as\u00ed para Turismo, Psicolog\u00eda, Tecnolog\u00edas de la Informaci\u00f3n, Trabajo Social, Pedagog\u00eda de los Idiomas Nacionales y Extranjeros, Educaci\u00f3n B\u00e1sica y Educaci\u00f3n Inicial, porque estas siete carreras restantes empezar\u00e1n clases el 20 de enero del 2020.<\/span><\/p>\n<p style=\"text-align: justify;\"><span style=\"font-size: 14pt; font-family: georgia, palatino, serif;\">El hecho de que la Nivelaci\u00f3n en l\u00ednea empiece en dos fechas diferentes, no incidir\u00e1 en el inicio del primer nivel, porque todas las 10 carreras online empezar\u00e1n clases de primer semestre en la misma fecha.<\/span><\/p>\n<p style=\"text-align: justify;\"><span style=\"font-size: 14pt; font-family: georgia, palatino, serif;\">El Curso de Nivelaci\u00f3n de Carreras tendr\u00e1 una duraci\u00f3n de seis semanas, a partir del inicio de clases. Al t\u00e9rmino de este tiempo, los alumnos rendir\u00e1n sus ex\u00e1menes finales.<\/span><\/p>\n<p style=\"text-align: justify;\"><span style=\"font-size: 14pt; font-family: georgia, palatino, serif;\">Los estudiantes matriculados en el Curso de Nivelaci\u00f3n deben ingresar desde ya en el Sistema de Gesti\u00f3n Acad\u00e9mica (SGA). Los de la modalidad presencial, al acceder al sistema, tienen que dirigirse al m\u00f3dulo \u201cMis Horarios\u201d, donde constatar\u00e1n su aula, bloque y jornada de clases asignada para cada d\u00eda.<\/span><\/p>\n<p style=\"text-align: justify;\"><span style=\"font-size: 14pt; font-family: georgia, palatino, serif;\">Para ingresar al SGA deben utilizar el usuario y la clave que recibieron en la bandeja de entrada de su correo personal. Si un estudiante presenta inconvenientes para acceder, deben solicitar asistencia t\u00e9cnica escribiendo a la direcci\u00f3n de correo electr\u00f3nico soportecampusvirtual@unemi.edu.ec o llamar a la extensi\u00f3n 8101.<\/span><\/p>\n<p style=\"text-align: justify;\"><span style=\"font-size: 14pt; font-family: georgia, palatino, serif;\">Los estudiantes de modalidad presencial que har\u00e1n uso de su segunda matr\u00edcula, iniciar\u00e1n el 6 de diciembre; mientras que los de segunda matr\u00edcula modalidad en l\u00ednea, empezar\u00e1n actividades el 20 de enero del 2020.<\/span><\/p>\n<p style=\"text-align: justify;\"><span style=\"font-size: 14pt; font-family: georgia, palatino, serif;\">Todos los estudiantes de segunda matr\u00edcula tendr\u00e1n una preparaci\u00f3n aut\u00f3noma, es decir, no recibir\u00e1n clases presenciales o en l\u00ednea.<\/span><\/p>\n<p style=\"text-align: justify;\"><span style=\"font-size: 14pt; font-family: georgia, palatino, serif;\">Durante las seis semanas contadas desde el inicio de sus actividades, tendr\u00e1n acceso a la plataforma para revisar las clases asincr\u00f3nicas, que son los videos de los docentes que ya se encuentran en la plataforma, materiales did\u00e1cticos y todos los contenidos que requieran, con los que se preparar\u00e1n para rendir los ex\u00e1menes finales.<\/span><\/p>\n<p style=\"text-align: justify;\"><span style=\"font-size: 14pt; font-family: georgia, palatino, serif;\">Podr\u00e1n acceder al Sistema de Gesti\u00f3n Acad\u00e9mica y a la plataforma (Aula Virtual) a partir de la fecha indicada usando las credenciales de acceso de siempre.<\/span><\/p>\n","protected":false},"excerpt":{"rendered":"<p>Estamos a las puertas de un nuevo proceso de Admisi\u00f3n en el que la Universidad Estatal de Milagro (UNEMI) recibir\u00e1 a miles de alumnos. Por ello, la UNEMI informa a [&hellip;]<\/p>\n","protected":false},"author":23,"featured_media":20652,"comment_status":"closed","ping_status":"open","sticky":false,"template":"","format":"standard","meta":{"_joinchat":[],"footnotes":""},"categories":[54],"tags":[],"class_list":["post-20651","post","type-post","status-publish","format-standard","has-post-thumbnail","hentry","category-noticias"],"_links":{"self":[{"href":"https:\/\/www.unemi.edu.ec\/index.php\/wp-json\/wp\/v2\/posts\/20651","targetHints":{"allow":["GET"]}}],"collection":[{"href":"https:\/\/www.unemi.edu.ec\/index.php\/wp-json\/wp\/v2\/posts"}],"about":[{"href":"https:\/\/www.unemi.edu.ec\/index.php\/wp-json\/wp\/v2\/types\/post"}],"author":[{"embeddable":true,"href":"https:\/\/www.unemi.edu.ec\/index.php\/wp-json\/wp\/v2\/users\/23"}],"replies":[{"embeddable":true,"href":"https:\/\/www.unemi.edu.ec\/index.php\/wp-json\/wp\/v2\/comments?post=20651"}],"version-history":[{"count":1,"href":"https:\/\/www.unemi.edu.ec\/index.php\/wp-json\/wp\/v2\/posts\/20651\/revisions"}],"predecessor-version":[{"id":31013,"href":"https:\/\/www.unemi.edu.ec\/index.php\/wp-json\/wp\/v2\/posts\/20651\/revisions\/31013"}],"wp:featuredmedia":[{"embeddable":true,"href":"https:\/\/www.unemi.edu.ec\/index.php\/wp-json\/wp\/v2\/media\/20652"}],"wp:attachment":[{"href":"https:\/\/www.unemi.edu.ec\/index.php\/wp-json\/wp\/v2\/media?parent=20651"}],"wp:term":[{"taxonomy":"category","embeddable":true,"href":"https:\/\/www.unemi.edu.ec\/index.php\/wp-json\/wp\/v2\/categories?post=20651"},{"taxonomy":"post_tag","embeddable":true,"href":"https:\/\/www.unemi.edu.ec\/index.php\/wp-json\/wp\/v2\/tags?post=20651"}],"curies":[{"name":"wp","href":"https:\/\/api.w.org\/{rel}","templated":true}]}}