{"id":18788,"date":"2019-06-17T22:16:35","date_gmt":"2019-06-17T22:16:35","guid":{"rendered":"https:\/\/https:\/\/www.unemi.edu.ec\/\/wordpress\/?p=18788"},"modified":"2019-06-17T22:16:35","modified_gmt":"2019-06-17T22:16:35","slug":"unemi-inauguro-laboratorios-y-talleres-para-la-carrera-de-psicologia","status":"publish","type":"post","link":"https:\/\/www.unemi.edu.ec\/index.php\/2019\/06\/17\/unemi-inauguro-laboratorios-y-talleres-para-la-carrera-de-psicologia\/","title":{"rendered":"UNEMI inaugur\u00f3 laboratorios y talleres para la carrera de Psicolog\u00eda"},"content":{"rendered":"<p>Como parte de las acciones planificadas para el fortalecimiento de las competencias de los futuros profesionales de la Universidad Estatal de Milagro, se realiz\u00f3 la construcci\u00f3n y adecuaci\u00f3n de laboratorios y talleres para la carrera de Psicolog\u00eda.<\/p>\n<p>El acto inaugural se desarroll\u00f3 con la presencia de Fabricio Guevara, rector, Richard Ram\u00edrez, vicerrector acad\u00e9mico y de investigaci\u00f3n, Washington Guevara Piedra vicerrector administrativo, autoridades de la carrera, docentes y representantes estudiantiles.<\/p>\n<p>Amelia Viera Pico, es el nombre que llevar\u00e1n estos espacios, en m\u00e9rito a la fundadora de la carrera y gestora de los mismos, respecto a ello Elka Almeida, directora de la carrera de Psicolog\u00eda manifest\u00f3: \u201cPara denominar este tipo de espacios se suele usar nombres de personas que ya no se encuentran en vida, hemos querido en esta ocasi\u00f3n cambiar ese esquema d\u00e1ndole el nombre de la primera directora de nuestra carrera y quien m\u00e1s trabaj\u00f3 para la consecuci\u00f3n de esta realidad\u201d.<\/p>\n<p>El espacio completo cuenta con dos salas, una de psicometr\u00eda para aplicaci\u00f3n de pruebas, otra de simulaci\u00f3n para atenci\u00f3n psicol\u00f3gica, y adem\u00e1s se incorpor\u00f3 una c\u00e1mara de Gesell para entrevista psicol\u00f3gica y observaci\u00f3n.<\/p>\n<p>Gloria Sol\u00eds, docente de la carrera de Psicolog\u00eda por su parte destac\u00f3 la importancia de mantener la uni\u00f3n entre la teor\u00eda y la praxis para alcanzar el conocimiento y manifest\u00f3 en nombre de los docentes que las autoridades han fortalecido en ellos el \u00e1nimo de seguir trabajando.<\/p>\n<p>\u201cQuiero felicitar a las autoridades porque hay un cambio en la universidad, vivimos un aprendizaje y los estudiantes se est\u00e1n robusteciendo en la actividad aut\u00f3noma\u201d, indic\u00f3 tambi\u00e9n la catedr\u00e1tica.<\/p>\n<p>Amelia Viera Pico, due\u00f1a del nombre que llevar\u00e1n estos nuevos espacios en sus palabras de agradecimiento proclam\u00f3 que se ha cumplido su sue\u00f1o personal en beneficio de los estudiantes a quienes denomina \u201cla raz\u00f3n de ser de la academia\u201d y a\u00f1adi\u00f3: \u201cMe siento tranquila, siento que he cumplido con mi deber y agradezco a mis compa\u00f1eras docentes con el coraz\u00f3n y la mente, por el trabajo en equipo\u201d.<\/p>\n<p>Fabricio Guevara Viej\u00f3, rector de la Instituci\u00f3n se mostr\u00f3 complacido ante las palabras de los docentes de la carrera y destac\u00f3 el sentido de pertenencia que tienen hacia estas herramientas de ense\u00f1anza, producto del trabajo requerido para su consecuci\u00f3n. Adem\u00e1s, indic\u00f3:<\/p>\n<p>\u201cMis felicitaciones para la Facultad, para Amelita quien mantiene ese sentimiento por su carrera y para los profesores. Nosotros como autoridades aplaudimos y acompa\u00f1aremos cuantas veces sea necesario para el bienestar de nuestros estudiantes y docentes\u201d<\/p>\n","protected":false},"excerpt":{"rendered":"<p>Como parte de las acciones planificadas para el fortalecimiento de las competencias de los futuros profesionales de la Universidad Estatal de Milagro, se realiz\u00f3 la construcci\u00f3n y adecuaci\u00f3n de laboratorios [&hellip;]<\/p>\n","protected":false},"author":35,"featured_media":18789,"comment_status":"closed","ping_status":"open","sticky":false,"template":"","format":"standard","meta":{"_joinchat":[],"footnotes":""},"categories":[54],"tags":[],"class_list":["post-18788","post","type-post","status-publish","format-standard","has-post-thumbnail","hentry","category-noticias"],"_links":{"self":[{"href":"https:\/\/www.unemi.edu.ec\/index.php\/wp-json\/wp\/v2\/posts\/18788","targetHints":{"allow":["GET"]}}],"collection":[{"href":"https:\/\/www.unemi.edu.ec\/index.php\/wp-json\/wp\/v2\/posts"}],"about":[{"href":"https:\/\/www.unemi.edu.ec\/index.php\/wp-json\/wp\/v2\/types\/post"}],"author":[{"embeddable":true,"href":"https:\/\/www.unemi.edu.ec\/index.php\/wp-json\/wp\/v2\/users\/35"}],"replies":[{"embeddable":true,"href":"https:\/\/www.unemi.edu.ec\/index.php\/wp-json\/wp\/v2\/comments?post=18788"}],"version-history":[{"count":0,"href":"https:\/\/www.unemi.edu.ec\/index.php\/wp-json\/wp\/v2\/posts\/18788\/revisions"}],"wp:featuredmedia":[{"embeddable":true,"href":"https:\/\/www.unemi.edu.ec\/index.php\/wp-json\/wp\/v2\/media\/18789"}],"wp:attachment":[{"href":"https:\/\/www.unemi.edu.ec\/index.php\/wp-json\/wp\/v2\/media?parent=18788"}],"wp:term":[{"taxonomy":"category","embeddable":true,"href":"https:\/\/www.unemi.edu.ec\/index.php\/wp-json\/wp\/v2\/categories?post=18788"},{"taxonomy":"post_tag","embeddable":true,"href":"https:\/\/www.unemi.edu.ec\/index.php\/wp-json\/wp\/v2\/tags?post=18788"}],"curies":[{"name":"wp","href":"https:\/\/api.w.org\/{rel}","templated":true}]}}