{"id":14617,"date":"2018-11-27T16:14:39","date_gmt":"2018-11-27T16:14:39","guid":{"rendered":"https:\/\/https:\/\/www.unemi.edu.ec\/\/wordpress\/?p=14617"},"modified":"2023-09-12T07:02:34","modified_gmt":"2023-09-12T12:02:34","slug":"la-educacion-es-la-base-para-prevenir-la-violencia-de-genero","status":"publish","type":"post","link":"https:\/\/www.unemi.edu.ec\/index.php\/2018\/11\/27\/la-educacion-es-la-base-para-prevenir-la-violencia-de-genero\/","title":{"rendered":"La educaci\u00f3n es la base para prevenir la violencia de g\u00e9nero"},"content":{"rendered":"<p>\u201cTodo acto que resulte o pueda tener como resultado un da\u00f1o f\u00edsico, sexual o psicol\u00f3gico para la mujer, inclusive las amenazas de tales actos, la coacci\u00f3n o la privaci\u00f3n arbitraria de libertad, tanto si se producen en la vida p\u00fablica como en la privada\u201d. Esta es la definici\u00f3n que las Naciones Unidas da a la violencia contra la mujer<em>.<\/em><\/p>\n<p>En un an\u00e1lisis realizado a 80 pa\u00edses en 2013 por la Organizaci\u00f3n Mundial de la Salud (OMS) en colaboraci\u00f3n con la Escuela de Higiene y Medicina Tropical de Londres y el Consejo de Investigaci\u00f3n M\u00e9dica de Sud\u00e1frica, se obtuvo como resultado que una de cada tres mujeres ha sido objeto de violencia f\u00edsica o sexual dentro o fuera de la pareja.<\/p>\n<p>Las estimaciones de prevalencia de la violencia de pareja oscilan entre el 23,2 % en los pa\u00edses de ingresos altos y el 24,6 % en la regi\u00f3n del Pac\u00edfico Occidental, al 37 % en la regi\u00f3n del Mediterr\u00e1neo Oriental y el 37,7 % en la regi\u00f3n de Asia Sudoriental.<\/p>\n<p>Las consecuencias de la violencia contra la mujer pueden ir desde lesiones f\u00edsicas leves, trastornos psicol\u00f3gicos como ansiedad, insomnio y depresi\u00f3n, hasta suicidio u homicidio.<\/p>\n<p>En el Ecuador, a partir de la promulgaci\u00f3n del nuevo\u00a0C\u00f3digo Org\u00e1nico Integral Penal\u00a0(COIP) el 28 de enero de 2014 y su entrada en vigencia 180 d\u00edas despu\u00e9s, se introdujo el concepto de Femicidio con una pena privativa de libertad que puede ir de 22 a 26 a\u00f1os.<\/p>\n<p>El Femicidio fue conceptualizado por primera vez por Ana Rusell, activista y escritora feminista en los a\u00f1os 70. Ella lo define como \u201clos asesinatos realizados por varones motivados por un sentido de tener derecho a ello o superioridad sobre las mujeres, por placer o deseos s\u00e1dicos hacia ellas, o por la suposici\u00f3n de propiedad sobre las mujeres\u201d.<\/p>\n<p>De acuerdo con el Instituto Nacional de Estad\u00edstica y Censos del Ecuador (INEC) desde su tipificaci\u00f3n hasta 2017, 244 personas han sido v\u00edctimas del delito.<\/p>\n<p>Frente a ello el papel de la academia resulta fundamental, no solo en procurar una educaci\u00f3n que promueva la igualdad entre hombres y mujeres, sino impulsando programas e investigaciones que aporten con la erradicaci\u00f3n de este problema.<\/p>\n<p>En este sentido, la Instituci\u00f3n a trav\u00e9s de su Unidad de Bienestar Universitario mantiene una campa\u00f1a constante de prevenci\u00f3n de la violencia, mediante charlas informativas.<\/p>\n<p>Cecilia Sol\u00eds, psic\u00f3loga de esta Unidad explica que lo que se busca mediante las constantes campa\u00f1as es \u201csensibilizar a la comunidad universitaria e incentivar el autorrespeto y la conservaci\u00f3n de la integridad f\u00edsica y psicol\u00f3gica\u201d.<\/p>\n<p>Sol\u00eds indica adem\u00e1s que el \u00c1rea brinda acompa\u00f1amiento a quienes refieren o se encuentren siendo objeto de alg\u00fan tipo de violencia, esto con el fin de procurar su bienestar y evitar una posible deserci\u00f3n universitaria.<\/p>\n<p>Por otra parte, y como recomendaci\u00f3n importante, Sol\u00eds invita a la comunidad a ser observadores y comunicar en caso de conocer sobre alguna situaci\u00f3n de violencia.<\/p>\n<p>\u201cObservemos el comportamiento de las personas que nos rodean, una mujer que est\u00e1 siendo objeto de alg\u00fan tipo de violencia puede ser f\u00e1cilmente identificada por los rasgos que presenta\u201d, indic\u00f3, refiri\u00e9ndose a la baja autoestima, falta de iniciativa, desmotivaci\u00f3n y aislamiento, caracter\u00edsticas por las que, seg\u00fan la psic\u00f3loga, es posible identificar a una v\u00edctima.<\/p>\n<p>La violencia de g\u00e9nero afecta a una de cada tres mujeres, seg\u00fan estimaci\u00f3n de la OMS. Tiene su origen, de acuerdo con estudios realizados, en la imposici\u00f3n de un estereotipo desde la primera infancia en el seno familiar, modelo que es impulsado por factores de riesgo como antecedentes de violencia y bajo nivel de instrucci\u00f3n.<\/p>\n<p>En el \u00e1rea de investigaci\u00f3n, la psic\u00f3loga Gloria Sol\u00eds Beltr\u00e1n, docente de la UNEMI public\u00f3 un art\u00edculo referente a factores de los procesos educativos que inciden en la violencia de g\u00e9nero.<\/p>\n<p>En el art\u00edculo titulado \u2018Desigualdad de g\u00e9nero en procesos educativos incidente en violencia contra la mujer\u2019, la docente sostiene que \u201clos <a href=\"https:\/\/www.unemi.edu.ec\/index.php\/maestrias\/master-en-educacion-inicial-innovacion-desarrollo-infantil-enlinea\/\" target=\"_blank\" rel=\"noopener\"><strong>sistemas educativos<\/strong><\/a> pueden contribuir con la igualdad de g\u00e9nero en lugar de sostener las desigualdades\u201d.<\/p>\n<p>\u201cSe debe trabajar en un aspecto preventivo, en la identificaci\u00f3n de la ra\u00edz del problema y ense\u00f1ar a las futuras generaciones que la educaci\u00f3n es prevenci\u00f3n\u201d, enfatiza la profesional de Psicolog\u00eda y mag\u00edster en Gerencia Educativa.<\/p>\n<p>En el art\u00edculo mencionado, Sol\u00eds concluye que la violencia de g\u00e9nero est\u00e1 enraizada en las desigualdades estructurales entre hombres y mujeres. Adem\u00e1s, es la causa y consecuencia de la desigualdad de g\u00e9nero, incorporando una variedad de cr\u00edmenes y comportamientos incluyendo el abuso f\u00edsico, emocional, sexual, psicol\u00f3gico y econ\u00f3mico.<\/p>\n<p>Por esta raz\u00f3n, la docente universitaria califica como \u201cindispensable\u201d profundizar en el tema de equidad de g\u00e9nero, con la finalidad de poder establecer los par\u00e1metros que inciden en el deterioro de las familias, en especial los \u00edndices de violencia y maltrato f\u00edsico y psicol\u00f3gico de la mujer.<\/p>\n","protected":false},"excerpt":{"rendered":"<p>\u201cTodo acto que resulte o pueda tener como resultado un da\u00f1o f\u00edsico, sexual o psicol\u00f3gico para la mujer, inclusive las amenazas de tales actos, la coacci\u00f3n o la privaci\u00f3n arbitraria [&hellip;]<\/p>\n","protected":false},"author":35,"featured_media":14618,"comment_status":"closed","ping_status":"open","sticky":false,"template":"","format":"standard","meta":{"_joinchat":[],"footnotes":""},"categories":[54],"tags":[],"class_list":["post-14617","post","type-post","status-publish","format-standard","has-post-thumbnail","hentry","category-noticias"],"_links":{"self":[{"href":"https:\/\/www.unemi.edu.ec\/index.php\/wp-json\/wp\/v2\/posts\/14617","targetHints":{"allow":["GET"]}}],"collection":[{"href":"https:\/\/www.unemi.edu.ec\/index.php\/wp-json\/wp\/v2\/posts"}],"about":[{"href":"https:\/\/www.unemi.edu.ec\/index.php\/wp-json\/wp\/v2\/types\/post"}],"author":[{"embeddable":true,"href":"https:\/\/www.unemi.edu.ec\/index.php\/wp-json\/wp\/v2\/users\/35"}],"replies":[{"embeddable":true,"href":"https:\/\/www.unemi.edu.ec\/index.php\/wp-json\/wp\/v2\/comments?post=14617"}],"version-history":[{"count":1,"href":"https:\/\/www.unemi.edu.ec\/index.php\/wp-json\/wp\/v2\/posts\/14617\/revisions"}],"predecessor-version":[{"id":36709,"href":"https:\/\/www.unemi.edu.ec\/index.php\/wp-json\/wp\/v2\/posts\/14617\/revisions\/36709"}],"wp:featuredmedia":[{"embeddable":true,"href":"https:\/\/www.unemi.edu.ec\/index.php\/wp-json\/wp\/v2\/media\/14618"}],"wp:attachment":[{"href":"https:\/\/www.unemi.edu.ec\/index.php\/wp-json\/wp\/v2\/media?parent=14617"}],"wp:term":[{"taxonomy":"category","embeddable":true,"href":"https:\/\/www.unemi.edu.ec\/index.php\/wp-json\/wp\/v2\/categories?post=14617"},{"taxonomy":"post_tag","embeddable":true,"href":"https:\/\/www.unemi.edu.ec\/index.php\/wp-json\/wp\/v2\/tags?post=14617"}],"curies":[{"name":"wp","href":"https:\/\/api.w.org\/{rel}","templated":true}]}}