{"id":14587,"date":"2018-11-20T22:25:51","date_gmt":"2018-11-20T22:25:51","guid":{"rendered":"https:\/\/https:\/\/www.unemi.edu.ec\/\/wordpress\/?p=14587"},"modified":"2019-03-31T00:42:09","modified_gmt":"2019-03-31T00:42:09","slug":"estudiantes-de-la-unemi-realizaran-ponencias-en-evento-internacional","status":"publish","type":"post","link":"https:\/\/www.unemi.edu.ec\/index.php\/2018\/11\/20\/estudiantes-de-la-unemi-realizaran-ponencias-en-evento-internacional\/","title":{"rendered":"Estudiantes de la UNEMI realizar\u00e1n ponencias en evento internacional"},"content":{"rendered":"<p><a href=\"http:\/\/www.hominiscuba.com\/\" target=\"_blank\" rel=\"noopener\">Hominis2018<\/a>, VIII Convenci\u00f3n Intercontinental de Psicolog\u00eda, es el evento en el que cuatro estudiantes de pregrado de la Facultad de Ciencias Sociales y uno de posgrado de la Universidad Estatal de Milagro expondr\u00e1n sus trabajos de investigaci\u00f3n.<\/p>\n<p>La participaci\u00f3n de los estudiantes en estas jornadas de trascendencia internacional, es consecuencia del \u00e9nfasis que la Instituci\u00f3n pone en la investigaci\u00f3n en cada uno de sus niveles.<\/p>\n<p>\u201cSi no desarrollamos en los estudiantes la capacidad de investigar, no podr\u00edamos llegar a futuro a la causa exacta de los principales problemas que se presentan en nuestra rama\u201d, opina <a href=\"https:\/\/www.unemi.edu.ec\/index.php\/team\/holguer-romero-urrea\/\" target=\"_blank\" rel=\"noopener\">Holguer Romero<\/a>, docente que acompa\u00f1a a los estudiantes al evento acad\u00e9mico que tiene lugar de forma peri\u00f3dica desde 1999, en La Habana \u2013 Cuba.<\/p>\n<p>Para Romero, la investigaci\u00f3n lleva al estudiante a conocer m\u00e1s all\u00e1 de lo que el profesor o el material bibliogr\u00e1fico le brindan y enriquece su conocimiento.<\/p>\n<p>Para derivar en la realizaci\u00f3n de un art\u00edculo y ponencias por los educandos, el docente explica que se los ha instruido de manera profunda en la metodolog\u00eda cient\u00edfica, lo que les permite proceder a la investigaci\u00f3n y redacci\u00f3n de manera \u201cnatural\u201d.<\/p>\n<p>Maricela Jaramillo L\u00f3pez, realizar\u00e1 la ponencia con la tem\u00e1tica \u201cInfluencia del tipo de personalidad en el aparecimiento del c\u00e1ncer de est\u00f3mago\u201d.\u00a0 La estudiante considera un gran acierto haber profundizado en el papel investigador.<\/p>\n<p>\u201cHaberme interesado en la investigaci\u00f3n me ha facilitado la utilizaci\u00f3n de los recursos de aprendizaje en todas las asignaturas; la elaboraci\u00f3n de proyectos y ensayos se me ha facilitado en gran medida\u201d, indica.<\/p>\n<p>Diana Pimiento, tambi\u00e9n estudiante de pregrado por su parte centra su atenci\u00f3n en lo que su participaci\u00f3n pueda lograr.<\/p>\n<p>\u201cMi expectativa es conseguir que las personas en el mundo puedan ver que un aprendizaje debe ser significativo y abierto, que nos permita aportar con nuestras ideas sustentadas con base en la investigaci\u00f3n\u201d, manifest\u00f3 la estudiante quien participar\u00e1 con el tema \u201cLa neurocognici\u00f3n, una alternativa en el aprendizaje de las nuevas generaciones\u201d.<\/p>\n<p>Un mes es el tiempo aproximado que los estudiantes han empleado para la redacci\u00f3n de sus art\u00edculos, que ser\u00e1n expuestos en diferentes jornadas durante el lapso de 10 d\u00edas, tiempo que dura esta convenci\u00f3n intercontinental.<\/p>\n<p><strong>Temas que se expondr\u00e1n:<\/strong><\/p>\n<ul>\n<li>Prevenci\u00f3n y consumo de drogas en las instituciones educativas de bachillerato<\/li>\n<li>Influencia psicosocial en el femicidio<\/li>\n<li>Influencia del tipo de personalidad en el aparecimiento del c\u00e1ncer de est\u00f3mago<\/li>\n<li>La narcolepsia como un trastorno de sue\u00f1o en el adolescente<\/li>\n<li>An\u00e1lisis de la situaci\u00f3n de salud de una comunidad periurbana de un cant\u00f3n de Ecuador<\/li>\n<li>Influencia del consumo de drogas en la conducta antisocial de los adolescentes<\/li>\n<li>La neurocognici\u00f3n, una alternativa en el aprendizaje de las nuevas generaciones<\/li>\n<\/ul>\n<p>&nbsp;          <\/p>\n","protected":false},"excerpt":{"rendered":"<p>Hominis2018, VIII Convenci\u00f3n Intercontinental de Psicolog\u00eda, es el evento en el que cuatro estudiantes de pregrado de la Facultad de Ciencias Sociales y uno de posgrado de la Universidad Estatal [&hellip;]<\/p>\n","protected":false},"author":35,"featured_media":14588,"comment_status":"closed","ping_status":"open","sticky":false,"template":"","format":"standard","meta":{"_joinchat":[],"footnotes":""},"categories":[54],"tags":[],"class_list":["post-14587","post","type-post","status-publish","format-standard","has-post-thumbnail","hentry","category-noticias"],"_links":{"self":[{"href":"https:\/\/www.unemi.edu.ec\/index.php\/wp-json\/wp\/v2\/posts\/14587","targetHints":{"allow":["GET"]}}],"collection":[{"href":"https:\/\/www.unemi.edu.ec\/index.php\/wp-json\/wp\/v2\/posts"}],"about":[{"href":"https:\/\/www.unemi.edu.ec\/index.php\/wp-json\/wp\/v2\/types\/post"}],"author":[{"embeddable":true,"href":"https:\/\/www.unemi.edu.ec\/index.php\/wp-json\/wp\/v2\/users\/35"}],"replies":[{"embeddable":true,"href":"https:\/\/www.unemi.edu.ec\/index.php\/wp-json\/wp\/v2\/comments?post=14587"}],"version-history":[{"count":0,"href":"https:\/\/www.unemi.edu.ec\/index.php\/wp-json\/wp\/v2\/posts\/14587\/revisions"}],"wp:featuredmedia":[{"embeddable":true,"href":"https:\/\/www.unemi.edu.ec\/index.php\/wp-json\/wp\/v2\/media\/14588"}],"wp:attachment":[{"href":"https:\/\/www.unemi.edu.ec\/index.php\/wp-json\/wp\/v2\/media?parent=14587"}],"wp:term":[{"taxonomy":"category","embeddable":true,"href":"https:\/\/www.unemi.edu.ec\/index.php\/wp-json\/wp\/v2\/categories?post=14587"},{"taxonomy":"post_tag","embeddable":true,"href":"https:\/\/www.unemi.edu.ec\/index.php\/wp-json\/wp\/v2\/tags?post=14587"}],"curies":[{"name":"wp","href":"https:\/\/api.w.org\/{rel}","templated":true}]}}